{"id":9904,"date":"2018-11-03T13:38:05","date_gmt":"2018-11-03T12:38:05","guid":{"rendered":"http:\/\/ccparadas.pt\/site\/?p=9904"},"modified":"2018-11-03T13:38:05","modified_gmt":"2018-11-03T12:38:05","slug":"sala-1-ano-b-novidades-de-outubro-2","status":"publish","type":"post","link":"http:\/\/ccparadas.pt\/site\/2018\/11\/03\/sala-1-ano-b-novidades-de-outubro-2\/","title":{"rendered":"sala 1 ano B * novidades de outubro"},"content":{"rendered":"<p>Ola a todos os nossos amigos, vimos dar a conhecer as nossas novidades do m\u00eas de Outubro.<\/p>\n<p>Dois meses j\u00e1 passaram desde que come\u00e7ou a nossa \u201caventura\u201d na sala 1b, cada dia que passa d\u00e1 a sensa\u00e7\u00e3o que crescemos todos os dias\u2026isto \u00e9 algo maravilhoso para as nossas fam\u00edlias mas tamb\u00e9m para quem passa muito tempo connosco.<\/p>\n<p>As palavrinhas que j\u00e1 vamos pronunciando, as birras, os gestos, as nossas brincadeiras e acima de tudo os nossos sorrisos que transbordam de bem-estar.<\/p>\n<p>As actividades que desenvolvemos durante o m\u00eas de Outubro foram realizadas com a ajuda da M\u00e1rcia e da Rosa (para ela desejamos as boas vindas, j\u00e1 n\u00e3o esta de baixa e veio com muita alegria), porque somos ainda muito pequeninos.<\/p>\n<p>Iniciamos o m\u00eas com a celebra\u00e7\u00e3o do \u201cDia do animal\u201d, ouvimos uma hist\u00f3ria alusiva a este dia e depois estivemos a observar algumas imagens de animais da quinta, onde exploramos os sons das suas \u201cfalas\u201d. A partir destas imagens tamb\u00e9m cantamos as can\u00e7\u00f5es respectivas a cada animal.<\/p>\n<p><a href=\"http:\/\/ccparadas.pt\/site\/wp-content\/uploads\/2018\/11\/2.jpg\"><img loading=\"lazy\" class=\"alignnone size-medium wp-image-9906\" src=\"http:\/\/ccparadas.pt\/site\/wp-content\/uploads\/2018\/11\/2-225x300.jpg\" alt=\"\" width=\"225\" height=\"300\" srcset=\"http:\/\/ccparadas.pt\/site\/wp-content\/uploads\/2018\/11\/2-225x300.jpg 225w, http:\/\/ccparadas.pt\/site\/wp-content\/uploads\/2018\/11\/2-768x1024.jpg 768w, http:\/\/ccparadas.pt\/site\/wp-content\/uploads\/2018\/11\/2.jpg 1944w\" sizes=\"(max-width: 225px) 100vw, 225px\" \/><\/a><\/p>\n<p>A educadora Daniela fez-nos uma surpresa, veio a nossa sala com o seu Leonardo para que pud\u00e9ssemos \u201cconhecer\u201d o seu animal de estima\u00e7\u00e3o \u2013 uma tartaruga. Alguns de n\u00f3s achamos grande piada, contudo outros dos nossos amiguinhos sentiram algum medo.<\/p>\n<p><a href=\"http:\/\/ccparadas.pt\/site\/wp-content\/uploads\/2018\/11\/1.jpg\"><img loading=\"lazy\" class=\"alignnone size-medium wp-image-9905\" src=\"http:\/\/ccparadas.pt\/site\/wp-content\/uploads\/2018\/11\/1-225x300.jpg\" alt=\"\" width=\"225\" height=\"300\" srcset=\"http:\/\/ccparadas.pt\/site\/wp-content\/uploads\/2018\/11\/1-225x300.jpg 225w, http:\/\/ccparadas.pt\/site\/wp-content\/uploads\/2018\/11\/1-768x1024.jpg 768w, http:\/\/ccparadas.pt\/site\/wp-content\/uploads\/2018\/11\/1.jpg 1944w\" sizes=\"(max-width: 225px) 100vw, 225px\" \/><\/a><\/p>\n<p>Uma outra data celebrada foi \u201cO dia da alimenta\u00e7\u00e3o\u201d, vimos por este meio agradecer toda a amabilidade das fam\u00edlias que contribu\u00edram para o \u201cnosso mercadinho\u201d, a nossa sala contribuiu com bolachinhas de canela e bolinhos de coco.<\/p>\n<p>Entre as can\u00e7\u00f5es, historias, brincadeiras, encaixes de jogos, rotinas fomos fazendo actividades de express\u00e3o pl\u00e1stica como: \u201ca minha primeira garatuja\u201d, colagens- \u201cespiga de milho\u201d (levei algumas e as crian\u00e7as exploraram cada uma \u00e1 sua maneira); constru\u00edmos uns espantalhos com as folhas de milho para decora\u00e7\u00e3o da sala; com as nossas m\u00e3ozinhas constru\u00edmos uma \u00e1rvore do Outono (carimbagens); a M\u00e1rcia decorou os vidros das janelas com a carimbagem das nossas m\u00e3ozinhas, fazendo de folhinhas a cair.<\/p>\n<p><a href=\"http:\/\/ccparadas.pt\/site\/wp-content\/uploads\/2018\/11\/9.jpg\"><img loading=\"lazy\" class=\"alignnone size-medium wp-image-9913\" src=\"http:\/\/ccparadas.pt\/site\/wp-content\/uploads\/2018\/11\/9-225x300.jpg\" alt=\"\" width=\"225\" height=\"300\" srcset=\"http:\/\/ccparadas.pt\/site\/wp-content\/uploads\/2018\/11\/9-225x300.jpg 225w, http:\/\/ccparadas.pt\/site\/wp-content\/uploads\/2018\/11\/9-768x1024.jpg 768w, http:\/\/ccparadas.pt\/site\/wp-content\/uploads\/2018\/11\/9.jpg 1944w\" sizes=\"(max-width: 225px) 100vw, 225px\" \/><\/a> <a href=\"http:\/\/ccparadas.pt\/site\/wp-content\/uploads\/2018\/11\/8.jpg\"><img loading=\"lazy\" class=\"alignnone size-medium wp-image-9912\" src=\"http:\/\/ccparadas.pt\/site\/wp-content\/uploads\/2018\/11\/8-225x300.jpg\" alt=\"\" width=\"225\" height=\"300\" srcset=\"http:\/\/ccparadas.pt\/site\/wp-content\/uploads\/2018\/11\/8-225x300.jpg 225w, http:\/\/ccparadas.pt\/site\/wp-content\/uploads\/2018\/11\/8-768x1024.jpg 768w, http:\/\/ccparadas.pt\/site\/wp-content\/uploads\/2018\/11\/8.jpg 1944w\" sizes=\"(max-width: 225px) 100vw, 225px\" \/><\/a> <a href=\"http:\/\/ccparadas.pt\/site\/wp-content\/uploads\/2018\/11\/7.jpg\"><img loading=\"lazy\" class=\"alignnone size-medium wp-image-9911\" src=\"http:\/\/ccparadas.pt\/site\/wp-content\/uploads\/2018\/11\/7-300x225.jpg\" alt=\"\" width=\"300\" height=\"225\" srcset=\"http:\/\/ccparadas.pt\/site\/wp-content\/uploads\/2018\/11\/7-300x225.jpg 300w, http:\/\/ccparadas.pt\/site\/wp-content\/uploads\/2018\/11\/7-768x576.jpg 768w, http:\/\/ccparadas.pt\/site\/wp-content\/uploads\/2018\/11\/7-1024x768.jpg 1024w\" sizes=\"(max-width: 300px) 100vw, 300px\" \/><\/a> <a href=\"http:\/\/ccparadas.pt\/site\/wp-content\/uploads\/2018\/11\/6.jpg\"><img loading=\"lazy\" class=\"alignnone size-medium wp-image-9910\" src=\"http:\/\/ccparadas.pt\/site\/wp-content\/uploads\/2018\/11\/6-225x300.jpg\" alt=\"\" width=\"225\" height=\"300\" srcset=\"http:\/\/ccparadas.pt\/site\/wp-content\/uploads\/2018\/11\/6-225x300.jpg 225w, http:\/\/ccparadas.pt\/site\/wp-content\/uploads\/2018\/11\/6-768x1024.jpg 768w, http:\/\/ccparadas.pt\/site\/wp-content\/uploads\/2018\/11\/6.jpg 1944w\" sizes=\"(max-width: 225px) 100vw, 225px\" \/><\/a> <a href=\"http:\/\/ccparadas.pt\/site\/wp-content\/uploads\/2018\/11\/5.jpg\"><img loading=\"lazy\" class=\"alignnone size-medium wp-image-9909\" src=\"http:\/\/ccparadas.pt\/site\/wp-content\/uploads\/2018\/11\/5-225x300.jpg\" alt=\"\" width=\"225\" height=\"300\" srcset=\"http:\/\/ccparadas.pt\/site\/wp-content\/uploads\/2018\/11\/5-225x300.jpg 225w, http:\/\/ccparadas.pt\/site\/wp-content\/uploads\/2018\/11\/5-768x1024.jpg 768w, http:\/\/ccparadas.pt\/site\/wp-content\/uploads\/2018\/11\/5.jpg 1944w\" sizes=\"(max-width: 225px) 100vw, 225px\" \/><\/a> <a href=\"http:\/\/ccparadas.pt\/site\/wp-content\/uploads\/2018\/11\/4.jpg\"><img loading=\"lazy\" class=\"alignnone size-medium wp-image-9908\" src=\"http:\/\/ccparadas.pt\/site\/wp-content\/uploads\/2018\/11\/4-225x300.jpg\" alt=\"\" width=\"225\" height=\"300\" srcset=\"http:\/\/ccparadas.pt\/site\/wp-content\/uploads\/2018\/11\/4-225x300.jpg 225w, http:\/\/ccparadas.pt\/site\/wp-content\/uploads\/2018\/11\/4-768x1024.jpg 768w, http:\/\/ccparadas.pt\/site\/wp-content\/uploads\/2018\/11\/4.jpg 1944w\" sizes=\"(max-width: 225px) 100vw, 225px\" \/><\/a> <a href=\"http:\/\/ccparadas.pt\/site\/wp-content\/uploads\/2018\/11\/3.jpg\"><img loading=\"lazy\" class=\"alignnone size-medium wp-image-9907\" src=\"http:\/\/ccparadas.pt\/site\/wp-content\/uploads\/2018\/11\/3-225x300.jpg\" alt=\"\" width=\"225\" height=\"300\" srcset=\"http:\/\/ccparadas.pt\/site\/wp-content\/uploads\/2018\/11\/3-225x300.jpg 225w, http:\/\/ccparadas.pt\/site\/wp-content\/uploads\/2018\/11\/3-768x1024.jpg 768w, http:\/\/ccparadas.pt\/site\/wp-content\/uploads\/2018\/11\/3.jpg 1944w\" sizes=\"(max-width: 225px) 100vw, 225px\" \/><\/a><\/p>\n<p>Uma outra actividade que andamos a explorar \u00e9 o sentido \u2013 <strong><u>o tacto.<\/u><\/strong> Para tal a M\u00e1rcia elaborou umas m\u00e3os feitas de cartolina onde colou diversas texturas para que todos os dias possamos explorar, tocar e sentir as mais diversas sensa\u00e7\u00f5es.<\/p>\n<p><a href=\"http:\/\/ccparadas.pt\/site\/wp-content\/uploads\/2018\/11\/10.jpg\"><img loading=\"lazy\" class=\"alignnone size-medium wp-image-9914\" src=\"http:\/\/ccparadas.pt\/site\/wp-content\/uploads\/2018\/11\/10-225x300.jpg\" alt=\"\" width=\"225\" height=\"300\" srcset=\"http:\/\/ccparadas.pt\/site\/wp-content\/uploads\/2018\/11\/10-225x300.jpg 225w, http:\/\/ccparadas.pt\/site\/wp-content\/uploads\/2018\/11\/10-768x1024.jpg 768w, http:\/\/ccparadas.pt\/site\/wp-content\/uploads\/2018\/11\/10.jpg 1944w\" sizes=\"(max-width: 225px) 100vw, 225px\" \/><\/a> <a href=\"http:\/\/ccparadas.pt\/site\/wp-content\/uploads\/2018\/11\/11.jpg\"><img loading=\"lazy\" class=\"alignnone size-medium wp-image-9915\" src=\"http:\/\/ccparadas.pt\/site\/wp-content\/uploads\/2018\/11\/11-225x300.jpg\" alt=\"\" width=\"225\" height=\"300\" srcset=\"http:\/\/ccparadas.pt\/site\/wp-content\/uploads\/2018\/11\/11-225x300.jpg 225w, http:\/\/ccparadas.pt\/site\/wp-content\/uploads\/2018\/11\/11-768x1024.jpg 768w, http:\/\/ccparadas.pt\/site\/wp-content\/uploads\/2018\/11\/11.jpg 1944w\" sizes=\"(max-width: 225px) 100vw, 225px\" \/><\/a> <a href=\"http:\/\/ccparadas.pt\/site\/wp-content\/uploads\/2018\/11\/12.jpg\"><img loading=\"lazy\" class=\"alignnone size-medium wp-image-9916\" src=\"http:\/\/ccparadas.pt\/site\/wp-content\/uploads\/2018\/11\/12-225x300.jpg\" alt=\"\" width=\"225\" height=\"300\" srcset=\"http:\/\/ccparadas.pt\/site\/wp-content\/uploads\/2018\/11\/12-225x300.jpg 225w, http:\/\/ccparadas.pt\/site\/wp-content\/uploads\/2018\/11\/12-768x1024.jpg 768w, http:\/\/ccparadas.pt\/site\/wp-content\/uploads\/2018\/11\/12.jpg 1944w\" sizes=\"(max-width: 225px) 100vw, 225px\" \/><\/a> <a href=\"http:\/\/ccparadas.pt\/site\/wp-content\/uploads\/2018\/11\/13.jpg\"><img loading=\"lazy\" class=\"alignnone size-medium wp-image-9917\" src=\"http:\/\/ccparadas.pt\/site\/wp-content\/uploads\/2018\/11\/13-300x225.jpg\" alt=\"\" width=\"300\" height=\"225\" srcset=\"http:\/\/ccparadas.pt\/site\/wp-content\/uploads\/2018\/11\/13-300x225.jpg 300w, http:\/\/ccparadas.pt\/site\/wp-content\/uploads\/2018\/11\/13-768x576.jpg 768w, http:\/\/ccparadas.pt\/site\/wp-content\/uploads\/2018\/11\/13-1024x768.jpg 1024w\" sizes=\"(max-width: 300px) 100vw, 300px\" \/><\/a><\/p>\n<p>Tem sido divertido observar as suas reac\u00e7\u00f5es e tentarem exprimirem o que sentem.<\/p>\n<p>As rotinas preenchem muito os nossos dias, mas sem elas n\u00e3o incut\u00edamos o essencial: as regras, a higiene, a hora das refei\u00e7\u00f5es e o brincar. Neste momento j\u00e1 nenhuma crian\u00e7a chora na hora de se sentar no bacio, o que \u00e9 muito satisfat\u00f3rio.<\/p>\n<p>N\u00e3o nos devemos esquecer a rela\u00e7\u00e3o existente com as crian\u00e7as da sala 1\u00aa e com os seus intervenientes, somos um \u201ctodo\u201d que se complementa com as alegrias, brincadeiras, actividades e sentimentos.<\/p>\n<p>Por agora terminamos, um beijinho e at\u00e9 breve\u2026<\/p>\n","protected":false},"excerpt":{"rendered":"<p>Ola a todos os nossos amigos, vimos dar a conhecer as nossas novidades do m\u00eas de Outubro. Dois meses j\u00e1 passaram desde que come\u00e7ou a nossa \u201caventura\u201d na sala 1b, cada dia que passa d\u00e1 a sensa\u00e7\u00e3o que crescemos todos os dias\u2026isto \u00e9 algo maravilhoso para as nossas fam\u00edlias mas tamb\u00e9m para quem passa muito &hellip;<\/p>\n<p class=\"read-more\"> <a class=\"\" href=\"http:\/\/ccparadas.pt\/site\/2018\/11\/03\/sala-1-ano-b-novidades-de-outubro-2\/\"> <span class=\"screen-reader-text\">sala 1 ano B * novidades de outubro<\/span> Read More &raquo;<\/a><\/p>\n","protected":false},"author":7,"featured_media":0,"comment_status":"closed","ping_status":"closed","sticky":false,"template":"","format":"standard","meta":{"site-sidebar-layout":"","site-content-layout":"","ast-main-header-display":"","ast-hfb-above-header-display":"","ast-hfb-below-header-display":"","ast-hfb-mobile-header-display":"","site-post-title":"","ast-breadcrumbs-content":"","ast-featured-img":"","footer-sml-layout":"","theme-transparent-header-meta":"","adv-header-id-meta":"","stick-header-meta":"","header-above-stick-meta":"","header-main-stick-meta":"","header-below-stick-meta":""},"categories":[58,39,52,60],"tags":[],"_links":{"self":[{"href":"http:\/\/ccparadas.pt\/site\/wp-json\/wp\/v2\/posts\/9904"}],"collection":[{"href":"http:\/\/ccparadas.pt\/site\/wp-json\/wp\/v2\/posts"}],"about":[{"href":"http:\/\/ccparadas.pt\/site\/wp-json\/wp\/v2\/types\/post"}],"author":[{"embeddable":true,"href":"http:\/\/ccparadas.pt\/site\/wp-json\/wp\/v2\/users\/7"}],"replies":[{"embeddable":true,"href":"http:\/\/ccparadas.pt\/site\/wp-json\/wp\/v2\/comments?post=9904"}],"version-history":[{"count":1,"href":"http:\/\/ccparadas.pt\/site\/wp-json\/wp\/v2\/posts\/9904\/revisions"}],"predecessor-version":[{"id":9918,"href":"http:\/\/ccparadas.pt\/site\/wp-json\/wp\/v2\/posts\/9904\/revisions\/9918"}],"wp:attachment":[{"href":"http:\/\/ccparadas.pt\/site\/wp-json\/wp\/v2\/media?parent=9904"}],"wp:term":[{"taxonomy":"category","embeddable":true,"href":"http:\/\/ccparadas.pt\/site\/wp-json\/wp\/v2\/categories?post=9904"},{"taxonomy":"post_tag","embeddable":true,"href":"http:\/\/ccparadas.pt\/site\/wp-json\/wp\/v2\/tags?post=9904"}],"curies":[{"name":"wp","href":"https:\/\/api.w.org\/{rel}","templated":true}]}}