{"id":9730,"date":"2018-10-29T14:28:58","date_gmt":"2018-10-29T13:28:58","guid":{"rendered":"http:\/\/ccparadas.pt\/site\/?p=9730"},"modified":"2018-10-29T14:28:58","modified_gmt":"2018-10-29T13:28:58","slug":"novidades-do-mes-de-outubro-sala-azul","status":"publish","type":"post","link":"http:\/\/ccparadas.pt\/site\/2018\/10\/29\/novidades-do-mes-de-outubro-sala-azul\/","title":{"rendered":"Novidades do m\u00eas de outubro- Sala Azul"},"content":{"rendered":"<p>OL\u00c1 amigos<\/p>\n<p>C\u00e1 estamos n\u00f3s novamente para partilharmos com voc\u00eas as nossas novidades.<\/p>\n<p>No Dia das Ideias, surgiu uma grande quest\u00e3o para a qual tivemos de encontrar respostas \u2013 \u201cO ar ocupa espa\u00e7o ou n\u00e3o?\u201d \u2013 As opini\u00f5es dividiram-se, vestimos as nossas camisas de cientistas e partimos para mais uma experi\u00eancia, desta vez com o \u201cAR\u201d.<\/p>\n<p>&nbsp;<\/p>\n<p><img loading=\"lazy\" class=\"alignnone size-medium wp-image-9731\" src=\"http:\/\/ccparadas.pt\/site\/wp-content\/uploads\/2018\/10\/1-1-300x225.jpg\" alt=\"\" width=\"300\" height=\"225\" srcset=\"http:\/\/ccparadas.pt\/site\/wp-content\/uploads\/2018\/10\/1-1-300x225.jpg 300w, http:\/\/ccparadas.pt\/site\/wp-content\/uploads\/2018\/10\/1-1-768x576.jpg 768w, http:\/\/ccparadas.pt\/site\/wp-content\/uploads\/2018\/10\/1-1.jpg 900w\" sizes=\"(max-width: 300px) 100vw, 300px\" \/> <img loading=\"lazy\" class=\"alignnone size-medium wp-image-9732\" src=\"http:\/\/ccparadas.pt\/site\/wp-content\/uploads\/2018\/10\/2-1-300x225.jpg\" alt=\"\" width=\"300\" height=\"225\" srcset=\"http:\/\/ccparadas.pt\/site\/wp-content\/uploads\/2018\/10\/2-1-300x225.jpg 300w, http:\/\/ccparadas.pt\/site\/wp-content\/uploads\/2018\/10\/2-1-768x576.jpg 768w, http:\/\/ccparadas.pt\/site\/wp-content\/uploads\/2018\/10\/2-1.jpg 900w\" sizes=\"(max-width: 300px) 100vw, 300px\" \/> <img loading=\"lazy\" class=\"alignnone size-medium wp-image-9733\" src=\"http:\/\/ccparadas.pt\/site\/wp-content\/uploads\/2018\/10\/3-1-300x225.jpg\" alt=\"\" width=\"300\" height=\"225\" srcset=\"http:\/\/ccparadas.pt\/site\/wp-content\/uploads\/2018\/10\/3-1-300x225.jpg 300w, http:\/\/ccparadas.pt\/site\/wp-content\/uploads\/2018\/10\/3-1-768x576.jpg 768w, http:\/\/ccparadas.pt\/site\/wp-content\/uploads\/2018\/10\/3-1.jpg 900w\" sizes=\"(max-width: 300px) 100vw, 300px\" \/> <img loading=\"lazy\" class=\"alignnone size-medium wp-image-9734\" src=\"http:\/\/ccparadas.pt\/site\/wp-content\/uploads\/2018\/10\/4-1-225x300.jpg\" alt=\"\" width=\"225\" height=\"300\" srcset=\"http:\/\/ccparadas.pt\/site\/wp-content\/uploads\/2018\/10\/4-1-225x300.jpg 225w, http:\/\/ccparadas.pt\/site\/wp-content\/uploads\/2018\/10\/4-1.jpg 506w\" sizes=\"(max-width: 225px) 100vw, 225px\" \/> <img loading=\"lazy\" class=\"alignnone size-medium wp-image-9735\" src=\"http:\/\/ccparadas.pt\/site\/wp-content\/uploads\/2018\/10\/5-1-300x225.jpg\" alt=\"\" width=\"300\" height=\"225\" srcset=\"http:\/\/ccparadas.pt\/site\/wp-content\/uploads\/2018\/10\/5-1-300x225.jpg 300w, http:\/\/ccparadas.pt\/site\/wp-content\/uploads\/2018\/10\/5-1-768x576.jpg 768w, http:\/\/ccparadas.pt\/site\/wp-content\/uploads\/2018\/10\/5-1.jpg 900w\" sizes=\"(max-width: 300px) 100vw, 300px\" \/> <img loading=\"lazy\" class=\"alignnone size-medium wp-image-9736\" src=\"http:\/\/ccparadas.pt\/site\/wp-content\/uploads\/2018\/10\/6-1-300x225.jpg\" alt=\"\" width=\"300\" height=\"225\" srcset=\"http:\/\/ccparadas.pt\/site\/wp-content\/uploads\/2018\/10\/6-1-300x225.jpg 300w, http:\/\/ccparadas.pt\/site\/wp-content\/uploads\/2018\/10\/6-1-768x576.jpg 768w, http:\/\/ccparadas.pt\/site\/wp-content\/uploads\/2018\/10\/6-1.jpg 900w\" sizes=\"(max-width: 300px) 100vw, 300px\" \/><\/p>\n<p>&nbsp;<\/p>\n<p>Conclu\u00edmos, que o ar, que se encontra dentro da garrafa se n\u00e3o tiver por onde sair n\u00e3o deixa a \u00e1gua entrar, porque est\u00e1 a ocupar espa\u00e7o, por isso quando o ar saiu pelo furinho, a \u00e1gua entrou de imediato.<\/p>\n<p>Fal\u00e1mos tamb\u00e9m da import\u00e2ncia do ar para respirarmos e para podermos continuar vivos. Surgiu ent\u00e3o outra quest\u00e3o \u2013 \u201cO ar que respiramos pode acabar?\u201d<\/p>\n<p><img loading=\"lazy\" class=\"alignnone size-medium wp-image-9737\" src=\"http:\/\/ccparadas.pt\/site\/wp-content\/uploads\/2018\/10\/7-1-300x225.jpg\" alt=\"\" width=\"300\" height=\"225\" srcset=\"http:\/\/ccparadas.pt\/site\/wp-content\/uploads\/2018\/10\/7-1-300x225.jpg 300w, http:\/\/ccparadas.pt\/site\/wp-content\/uploads\/2018\/10\/7-1-768x576.jpg 768w, http:\/\/ccparadas.pt\/site\/wp-content\/uploads\/2018\/10\/7-1.jpg 900w\" sizes=\"(max-width: 300px) 100vw, 300px\" \/> <img loading=\"lazy\" class=\"alignnone size-medium wp-image-9738\" src=\"http:\/\/ccparadas.pt\/site\/wp-content\/uploads\/2018\/10\/8-1-300x225.jpg\" alt=\"\" width=\"300\" height=\"225\" srcset=\"http:\/\/ccparadas.pt\/site\/wp-content\/uploads\/2018\/10\/8-1-300x225.jpg 300w, http:\/\/ccparadas.pt\/site\/wp-content\/uploads\/2018\/10\/8-1-768x576.jpg 768w, http:\/\/ccparadas.pt\/site\/wp-content\/uploads\/2018\/10\/8-1.jpg 900w\" sizes=\"(max-width: 300px) 100vw, 300px\" \/> <img loading=\"lazy\" class=\"alignnone size-medium wp-image-9739\" src=\"http:\/\/ccparadas.pt\/site\/wp-content\/uploads\/2018\/10\/9-300x225.jpg\" alt=\"\" width=\"300\" height=\"225\" srcset=\"http:\/\/ccparadas.pt\/site\/wp-content\/uploads\/2018\/10\/9-300x225.jpg 300w, http:\/\/ccparadas.pt\/site\/wp-content\/uploads\/2018\/10\/9-768x576.jpg 768w, http:\/\/ccparadas.pt\/site\/wp-content\/uploads\/2018\/10\/9.jpg 900w\" sizes=\"(max-width: 300px) 100vw, 300px\" \/> <img loading=\"lazy\" class=\"alignnone size-medium wp-image-9740\" src=\"http:\/\/ccparadas.pt\/site\/wp-content\/uploads\/2018\/10\/10-300x225.jpg\" alt=\"\" width=\"300\" height=\"225\" srcset=\"http:\/\/ccparadas.pt\/site\/wp-content\/uploads\/2018\/10\/10-300x225.jpg 300w, http:\/\/ccparadas.pt\/site\/wp-content\/uploads\/2018\/10\/10-768x576.jpg 768w, http:\/\/ccparadas.pt\/site\/wp-content\/uploads\/2018\/10\/10.jpg 900w\" sizes=\"(max-width: 300px) 100vw, 300px\" \/> <img loading=\"lazy\" class=\"alignnone size-medium wp-image-9741\" src=\"http:\/\/ccparadas.pt\/site\/wp-content\/uploads\/2018\/10\/11-300x225.jpg\" alt=\"\" width=\"300\" height=\"225\" srcset=\"http:\/\/ccparadas.pt\/site\/wp-content\/uploads\/2018\/10\/11-300x225.jpg 300w, http:\/\/ccparadas.pt\/site\/wp-content\/uploads\/2018\/10\/11-768x576.jpg 768w, http:\/\/ccparadas.pt\/site\/wp-content\/uploads\/2018\/10\/11.jpg 900w\" sizes=\"(max-width: 300px) 100vw, 300px\" \/> <img loading=\"lazy\" class=\"alignnone size-medium wp-image-9742\" src=\"http:\/\/ccparadas.pt\/site\/wp-content\/uploads\/2018\/10\/12-300x225.jpg\" alt=\"\" width=\"300\" height=\"225\" srcset=\"http:\/\/ccparadas.pt\/site\/wp-content\/uploads\/2018\/10\/12-300x225.jpg 300w, http:\/\/ccparadas.pt\/site\/wp-content\/uploads\/2018\/10\/12-768x576.jpg 768w, http:\/\/ccparadas.pt\/site\/wp-content\/uploads\/2018\/10\/12.jpg 900w\" sizes=\"(max-width: 300px) 100vw, 300px\" \/> <img loading=\"lazy\" class=\"alignnone size-medium wp-image-9743\" src=\"http:\/\/ccparadas.pt\/site\/wp-content\/uploads\/2018\/10\/13-300x225.jpg\" alt=\"\" width=\"300\" height=\"225\" srcset=\"http:\/\/ccparadas.pt\/site\/wp-content\/uploads\/2018\/10\/13-300x225.jpg 300w, http:\/\/ccparadas.pt\/site\/wp-content\/uploads\/2018\/10\/13-768x576.jpg 768w, http:\/\/ccparadas.pt\/site\/wp-content\/uploads\/2018\/10\/13.jpg 900w\" sizes=\"(max-width: 300px) 100vw, 300px\" \/> <img loading=\"lazy\" class=\"alignnone size-medium wp-image-9744\" src=\"http:\/\/ccparadas.pt\/site\/wp-content\/uploads\/2018\/10\/14-300x225.jpg\" alt=\"\" width=\"300\" height=\"225\" srcset=\"http:\/\/ccparadas.pt\/site\/wp-content\/uploads\/2018\/10\/14-300x225.jpg 300w, http:\/\/ccparadas.pt\/site\/wp-content\/uploads\/2018\/10\/14-768x576.jpg 768w, http:\/\/ccparadas.pt\/site\/wp-content\/uploads\/2018\/10\/14.jpg 900w\" sizes=\"(max-width: 300px) 100vw, 300px\" \/> <img loading=\"lazy\" class=\"alignnone size-medium wp-image-9745\" src=\"http:\/\/ccparadas.pt\/site\/wp-content\/uploads\/2018\/10\/15-300x225.jpg\" alt=\"\" width=\"300\" height=\"225\" srcset=\"http:\/\/ccparadas.pt\/site\/wp-content\/uploads\/2018\/10\/15-300x225.jpg 300w, http:\/\/ccparadas.pt\/site\/wp-content\/uploads\/2018\/10\/15-768x576.jpg 768w, http:\/\/ccparadas.pt\/site\/wp-content\/uploads\/2018\/10\/15.jpg 900w\" sizes=\"(max-width: 300px) 100vw, 300px\" \/><\/p>\n<p>&nbsp;<\/p>\n<p>Conclu\u00edmos, que a chama da vela se manteve acesa enquanto teve ar dentro do copo, por isso quando o ar terminou a chama apagou e a \u00e1gua entrou no copo, porque j\u00e1 tinha espa\u00e7o. Conclu\u00edmos tamb\u00e9m que nunca devemos colocar nada na nossa cabe\u00e7a, porque ficamos sem ar para respirar.<\/p>\n<p>Foi uma manh\u00e3 divertida e cheia de novas e importantes aprendizagens, mas surgiu uma nova quest\u00e3o \u2013 \u201cE no nosso corpo, o ar tamb\u00e9m ocupa espa\u00e7o?\u201d \u2013 \u00e9 uma pergunta para responder num \u201cDia das Ideias\u201d.<\/p>\n<p>No dia do idoso resolvemos confecionar bolachinhas de lim\u00e3o e com os nossos amigos das salas Laranja, Verde e Amarela, fomos fazer um piquenique ecol\u00f3gico ao Lar Am\u00e9lia Mada\u00edl e oferecemos das nossas bolachinhas aos nossos amigos idosos.<\/p>\n<p><img loading=\"lazy\" class=\"alignnone size-medium wp-image-9746\" src=\"http:\/\/ccparadas.pt\/site\/wp-content\/uploads\/2018\/10\/16-300x225.jpg\" alt=\"\" width=\"300\" height=\"225\" srcset=\"http:\/\/ccparadas.pt\/site\/wp-content\/uploads\/2018\/10\/16-300x225.jpg 300w, http:\/\/ccparadas.pt\/site\/wp-content\/uploads\/2018\/10\/16-768x576.jpg 768w, http:\/\/ccparadas.pt\/site\/wp-content\/uploads\/2018\/10\/16.jpg 900w\" sizes=\"(max-width: 300px) 100vw, 300px\" \/> <img loading=\"lazy\" class=\"alignnone size-medium wp-image-9747\" src=\"http:\/\/ccparadas.pt\/site\/wp-content\/uploads\/2018\/10\/17-300x225.jpg\" alt=\"\" width=\"300\" height=\"225\" srcset=\"http:\/\/ccparadas.pt\/site\/wp-content\/uploads\/2018\/10\/17-300x225.jpg 300w, http:\/\/ccparadas.pt\/site\/wp-content\/uploads\/2018\/10\/17-768x576.jpg 768w, http:\/\/ccparadas.pt\/site\/wp-content\/uploads\/2018\/10\/17.jpg 900w\" sizes=\"(max-width: 300px) 100vw, 300px\" \/> <img loading=\"lazy\" class=\"alignnone size-medium wp-image-9748\" src=\"http:\/\/ccparadas.pt\/site\/wp-content\/uploads\/2018\/10\/18-300x225.jpg\" alt=\"\" width=\"300\" height=\"225\" srcset=\"http:\/\/ccparadas.pt\/site\/wp-content\/uploads\/2018\/10\/18-300x225.jpg 300w, http:\/\/ccparadas.pt\/site\/wp-content\/uploads\/2018\/10\/18-768x576.jpg 768w, http:\/\/ccparadas.pt\/site\/wp-content\/uploads\/2018\/10\/18.jpg 900w\" sizes=\"(max-width: 300px) 100vw, 300px\" \/> <img loading=\"lazy\" class=\"alignnone size-medium wp-image-9749\" src=\"http:\/\/ccparadas.pt\/site\/wp-content\/uploads\/2018\/10\/19-225x300.jpg\" alt=\"\" width=\"225\" height=\"300\" srcset=\"http:\/\/ccparadas.pt\/site\/wp-content\/uploads\/2018\/10\/19-225x300.jpg 225w, http:\/\/ccparadas.pt\/site\/wp-content\/uploads\/2018\/10\/19.jpg 506w\" sizes=\"(max-width: 225px) 100vw, 225px\" \/> <img loading=\"lazy\" class=\"alignnone size-medium wp-image-9750\" src=\"http:\/\/ccparadas.pt\/site\/wp-content\/uploads\/2018\/10\/20-300x225.jpg\" alt=\"\" width=\"300\" height=\"225\" srcset=\"http:\/\/ccparadas.pt\/site\/wp-content\/uploads\/2018\/10\/20-300x225.jpg 300w, http:\/\/ccparadas.pt\/site\/wp-content\/uploads\/2018\/10\/20-768x576.jpg 768w, http:\/\/ccparadas.pt\/site\/wp-content\/uploads\/2018\/10\/20.jpg 900w\" sizes=\"(max-width: 300px) 100vw, 300px\" \/> <img loading=\"lazy\" class=\"alignnone size-medium wp-image-9751\" src=\"http:\/\/ccparadas.pt\/site\/wp-content\/uploads\/2018\/10\/21-300x225.jpg\" alt=\"\" width=\"300\" height=\"225\" srcset=\"http:\/\/ccparadas.pt\/site\/wp-content\/uploads\/2018\/10\/21-300x225.jpg 300w, http:\/\/ccparadas.pt\/site\/wp-content\/uploads\/2018\/10\/21-768x576.jpg 768w, http:\/\/ccparadas.pt\/site\/wp-content\/uploads\/2018\/10\/21.jpg 900w\" sizes=\"(max-width: 300px) 100vw, 300px\" \/><\/p>\n<p>Mais uma vez os nossos pais foram muito importantes, pois pedimos-lhes a sua colabora\u00e7\u00e3o para o lanche ecol\u00f3gico e todos tiveram a preocupa\u00e7\u00e3o de colaborar. Obrigada mais uma vez, por estarem sempre presentes e prontos a colaborar.<\/p>\n<p>Com o dia do animal a chegar, pedimos aos nossos pais um par de meias grossas e com elas constru\u00edmos fantoches em forma de coelhos, ursos, c\u00e3es e gatos, que ficaram bem simp\u00e1ticos. Com a ajuda da diretora pedag\u00f3gica a educadora Isabel Gadim grav\u00e1mos tamb\u00e9m uma can\u00e7\u00e3o no site da escolinha com a qual queremos transmitir uma mensagem aos adultos \u2013 \u201cCuidem bem dos animais eles s\u00e3o os nossos melhores amigos\u201d<\/p>\n<p><img loading=\"lazy\" class=\"alignnone size-medium wp-image-9752\" src=\"http:\/\/ccparadas.pt\/site\/wp-content\/uploads\/2018\/10\/22-300x225.jpg\" alt=\"\" width=\"300\" height=\"225\" srcset=\"http:\/\/ccparadas.pt\/site\/wp-content\/uploads\/2018\/10\/22-300x225.jpg 300w, http:\/\/ccparadas.pt\/site\/wp-content\/uploads\/2018\/10\/22-768x576.jpg 768w, http:\/\/ccparadas.pt\/site\/wp-content\/uploads\/2018\/10\/22.jpg 900w\" sizes=\"(max-width: 300px) 100vw, 300px\" \/> <img loading=\"lazy\" class=\"alignnone size-medium wp-image-9753\" src=\"http:\/\/ccparadas.pt\/site\/wp-content\/uploads\/2018\/10\/23-220x300.jpg\" alt=\"\" width=\"220\" height=\"300\" srcset=\"http:\/\/ccparadas.pt\/site\/wp-content\/uploads\/2018\/10\/23-220x300.jpg 220w, http:\/\/ccparadas.pt\/site\/wp-content\/uploads\/2018\/10\/23.jpg 496w\" sizes=\"(max-width: 220px) 100vw, 220px\" \/> <img loading=\"lazy\" class=\"alignnone size-medium wp-image-9754\" src=\"http:\/\/ccparadas.pt\/site\/wp-content\/uploads\/2018\/10\/24-283x300.jpg\" alt=\"\" width=\"283\" height=\"300\" srcset=\"http:\/\/ccparadas.pt\/site\/wp-content\/uploads\/2018\/10\/24-283x300.jpg 283w, http:\/\/ccparadas.pt\/site\/wp-content\/uploads\/2018\/10\/24.jpg 636w\" sizes=\"(max-width: 283px) 100vw, 283px\" \/> <img loading=\"lazy\" class=\"alignnone size-medium wp-image-9755\" src=\"http:\/\/ccparadas.pt\/site\/wp-content\/uploads\/2018\/10\/25-224x300.jpg\" alt=\"\" width=\"224\" height=\"300\" srcset=\"http:\/\/ccparadas.pt\/site\/wp-content\/uploads\/2018\/10\/25-224x300.jpg 224w, http:\/\/ccparadas.pt\/site\/wp-content\/uploads\/2018\/10\/25.jpg 503w\" sizes=\"(max-width: 224px) 100vw, 224px\" \/> <img loading=\"lazy\" class=\"alignnone size-medium wp-image-9756\" src=\"http:\/\/ccparadas.pt\/site\/wp-content\/uploads\/2018\/10\/26-212x300.jpg\" alt=\"\" width=\"212\" height=\"300\" srcset=\"http:\/\/ccparadas.pt\/site\/wp-content\/uploads\/2018\/10\/26-212x300.jpg 212w, http:\/\/ccparadas.pt\/site\/wp-content\/uploads\/2018\/10\/26.jpg 478w\" sizes=\"(max-width: 212px) 100vw, 212px\" \/> <img loading=\"lazy\" class=\"alignnone size-medium wp-image-9757\" src=\"http:\/\/ccparadas.pt\/site\/wp-content\/uploads\/2018\/10\/27-300x290.jpg\" alt=\"\" width=\"300\" height=\"290\" srcset=\"http:\/\/ccparadas.pt\/site\/wp-content\/uploads\/2018\/10\/27-300x290.jpg 300w, http:\/\/ccparadas.pt\/site\/wp-content\/uploads\/2018\/10\/27.jpg 699w\" sizes=\"(max-width: 300px) 100vw, 300px\" \/> <img loading=\"lazy\" class=\"alignnone size-medium wp-image-9758\" src=\"http:\/\/ccparadas.pt\/site\/wp-content\/uploads\/2018\/10\/28-273x300.jpg\" alt=\"\" width=\"273\" height=\"300\" srcset=\"http:\/\/ccparadas.pt\/site\/wp-content\/uploads\/2018\/10\/28-273x300.jpg 273w, http:\/\/ccparadas.pt\/site\/wp-content\/uploads\/2018\/10\/28.jpg 615w\" sizes=\"(max-width: 273px) 100vw, 273px\" \/> <img loading=\"lazy\" class=\"alignnone size-medium wp-image-9759\" src=\"http:\/\/ccparadas.pt\/site\/wp-content\/uploads\/2018\/10\/29-219x300.jpg\" alt=\"\" width=\"219\" height=\"300\" srcset=\"http:\/\/ccparadas.pt\/site\/wp-content\/uploads\/2018\/10\/29-219x300.jpg 219w, http:\/\/ccparadas.pt\/site\/wp-content\/uploads\/2018\/10\/29.jpg 493w\" sizes=\"(max-width: 219px) 100vw, 219px\" \/> <img loading=\"lazy\" class=\"alignnone size-medium wp-image-9760\" src=\"http:\/\/ccparadas.pt\/site\/wp-content\/uploads\/2018\/10\/30-204x300.jpg\" alt=\"\" width=\"204\" height=\"300\" srcset=\"http:\/\/ccparadas.pt\/site\/wp-content\/uploads\/2018\/10\/30-204x300.jpg 204w, http:\/\/ccparadas.pt\/site\/wp-content\/uploads\/2018\/10\/30.jpg 459w\" sizes=\"(max-width: 204px) 100vw, 204px\" \/> <img loading=\"lazy\" class=\"alignnone size-medium wp-image-9761\" src=\"http:\/\/ccparadas.pt\/site\/wp-content\/uploads\/2018\/10\/31-283x300.jpg\" alt=\"\" width=\"283\" height=\"300\" srcset=\"http:\/\/ccparadas.pt\/site\/wp-content\/uploads\/2018\/10\/31-283x300.jpg 283w, http:\/\/ccparadas.pt\/site\/wp-content\/uploads\/2018\/10\/31.jpg 637w\" sizes=\"(max-width: 283px) 100vw, 283px\" \/> <img loading=\"lazy\" class=\"alignnone size-medium wp-image-9762\" src=\"http:\/\/ccparadas.pt\/site\/wp-content\/uploads\/2018\/10\/32-204x300.jpg\" alt=\"\" width=\"204\" height=\"300\" srcset=\"http:\/\/ccparadas.pt\/site\/wp-content\/uploads\/2018\/10\/32-204x300.jpg 204w, http:\/\/ccparadas.pt\/site\/wp-content\/uploads\/2018\/10\/32.jpg 458w\" sizes=\"(max-width: 204px) 100vw, 204px\" \/> <img loading=\"lazy\" class=\"alignnone size-medium wp-image-9763\" src=\"http:\/\/ccparadas.pt\/site\/wp-content\/uploads\/2018\/10\/33-250x300.jpg\" alt=\"\" width=\"250\" height=\"300\" srcset=\"http:\/\/ccparadas.pt\/site\/wp-content\/uploads\/2018\/10\/33-250x300.jpg 250w, http:\/\/ccparadas.pt\/site\/wp-content\/uploads\/2018\/10\/33.jpg 562w\" sizes=\"(max-width: 250px) 100vw, 250px\" \/> <img loading=\"lazy\" class=\"alignnone size-medium wp-image-9764\" src=\"http:\/\/ccparadas.pt\/site\/wp-content\/uploads\/2018\/10\/34-237x300.jpg\" alt=\"\" width=\"237\" height=\"300\" srcset=\"http:\/\/ccparadas.pt\/site\/wp-content\/uploads\/2018\/10\/34-237x300.jpg 237w, http:\/\/ccparadas.pt\/site\/wp-content\/uploads\/2018\/10\/34.jpg 534w\" sizes=\"(max-width: 237px) 100vw, 237px\" \/> <img loading=\"lazy\" class=\"alignnone size-medium wp-image-9765\" src=\"http:\/\/ccparadas.pt\/site\/wp-content\/uploads\/2018\/10\/35-233x300.jpg\" alt=\"\" width=\"233\" height=\"300\" srcset=\"http:\/\/ccparadas.pt\/site\/wp-content\/uploads\/2018\/10\/35-233x300.jpg 233w, http:\/\/ccparadas.pt\/site\/wp-content\/uploads\/2018\/10\/35.jpg 524w\" sizes=\"(max-width: 233px) 100vw, 233px\" \/> <img loading=\"lazy\" class=\"alignnone size-medium wp-image-9766\" src=\"http:\/\/ccparadas.pt\/site\/wp-content\/uploads\/2018\/10\/36-248x300.jpg\" alt=\"\" width=\"248\" height=\"300\" srcset=\"http:\/\/ccparadas.pt\/site\/wp-content\/uploads\/2018\/10\/36-248x300.jpg 248w, http:\/\/ccparadas.pt\/site\/wp-content\/uploads\/2018\/10\/36.jpg 559w\" sizes=\"(max-width: 248px) 100vw, 248px\" \/> <img loading=\"lazy\" class=\"alignnone size-medium wp-image-9767\" src=\"http:\/\/ccparadas.pt\/site\/wp-content\/uploads\/2018\/10\/37-193x300.jpg\" alt=\"\" width=\"193\" height=\"300\" srcset=\"http:\/\/ccparadas.pt\/site\/wp-content\/uploads\/2018\/10\/37-193x300.jpg 193w, http:\/\/ccparadas.pt\/site\/wp-content\/uploads\/2018\/10\/37.jpg 434w\" sizes=\"(max-width: 193px) 100vw, 193px\" \/><\/p>\n<p>No nosso placar das presen\u00e7as colocamos tamb\u00e9m o que observamos do tempo l\u00e1 fora e com a chegada do Outono come\u00e7\u00e1mos a observar, que as condi\u00e7\u00f5es climat\u00e9ricas come\u00e7am a ter muitas mudan\u00e7as ao longo do dia, o que \u00e9 t\u00e3o carater\u00edstico desta esta\u00e7\u00e3o do ano. Pela primeira vez tivemos uma semana em que verific\u00e1mos chuva, vento, sol, o sol por tr\u00e1s das nuvens e um dia em que o sol nem espreitou.<\/p>\n<p><img loading=\"lazy\" class=\"alignnone size-medium wp-image-9768\" src=\"http:\/\/ccparadas.pt\/site\/wp-content\/uploads\/2018\/10\/38-300x225.jpg\" alt=\"\" width=\"300\" height=\"225\" srcset=\"http:\/\/ccparadas.pt\/site\/wp-content\/uploads\/2018\/10\/38-300x225.jpg 300w, http:\/\/ccparadas.pt\/site\/wp-content\/uploads\/2018\/10\/38-768x576.jpg 768w, http:\/\/ccparadas.pt\/site\/wp-content\/uploads\/2018\/10\/38.jpg 900w\" sizes=\"(max-width: 300px) 100vw, 300px\" \/> <img loading=\"lazy\" class=\"alignnone size-medium wp-image-9769\" src=\"http:\/\/ccparadas.pt\/site\/wp-content\/uploads\/2018\/10\/39-300x225.jpg\" alt=\"\" width=\"300\" height=\"225\" srcset=\"http:\/\/ccparadas.pt\/site\/wp-content\/uploads\/2018\/10\/39-300x225.jpg 300w, http:\/\/ccparadas.pt\/site\/wp-content\/uploads\/2018\/10\/39-768x576.jpg 768w, http:\/\/ccparadas.pt\/site\/wp-content\/uploads\/2018\/10\/39.jpg 900w\" sizes=\"(max-width: 300px) 100vw, 300px\" \/><\/p>\n<p>Aproveit\u00e1mos esta riqueza de mudan\u00e7as climat\u00e9ricas numa s\u00f3 semana e com as nossas pe\u00e7as de enfiamento, brinc\u00e1mos um bocadinho com a matem\u00e1tica e com os n\u00fameros ordinais.<\/p>\n<p><img loading=\"lazy\" class=\"alignnone size-medium wp-image-9770\" src=\"http:\/\/ccparadas.pt\/site\/wp-content\/uploads\/2018\/10\/40-300x225.jpg\" alt=\"\" width=\"300\" height=\"225\" srcset=\"http:\/\/ccparadas.pt\/site\/wp-content\/uploads\/2018\/10\/40-300x225.jpg 300w, http:\/\/ccparadas.pt\/site\/wp-content\/uploads\/2018\/10\/40-768x576.jpg 768w, http:\/\/ccparadas.pt\/site\/wp-content\/uploads\/2018\/10\/40.jpg 900w\" sizes=\"(max-width: 300px) 100vw, 300px\" \/> <img loading=\"lazy\" class=\"alignnone size-medium wp-image-9771\" src=\"http:\/\/ccparadas.pt\/site\/wp-content\/uploads\/2018\/10\/41-300x225.jpg\" alt=\"\" width=\"300\" height=\"225\" srcset=\"http:\/\/ccparadas.pt\/site\/wp-content\/uploads\/2018\/10\/41-300x225.jpg 300w, http:\/\/ccparadas.pt\/site\/wp-content\/uploads\/2018\/10\/41-768x576.jpg 768w, http:\/\/ccparadas.pt\/site\/wp-content\/uploads\/2018\/10\/41.jpg 900w\" sizes=\"(max-width: 300px) 100vw, 300px\" \/> <img loading=\"lazy\" class=\"alignnone size-medium wp-image-9772\" src=\"http:\/\/ccparadas.pt\/site\/wp-content\/uploads\/2018\/10\/42-300x225.jpg\" alt=\"\" width=\"300\" height=\"225\" srcset=\"http:\/\/ccparadas.pt\/site\/wp-content\/uploads\/2018\/10\/42-300x225.jpg 300w, http:\/\/ccparadas.pt\/site\/wp-content\/uploads\/2018\/10\/42-768x576.jpg 768w, http:\/\/ccparadas.pt\/site\/wp-content\/uploads\/2018\/10\/42.jpg 900w\" sizes=\"(max-width: 300px) 100vw, 300px\" \/> <img loading=\"lazy\" class=\"alignnone size-medium wp-image-9773\" src=\"http:\/\/ccparadas.pt\/site\/wp-content\/uploads\/2018\/10\/43-300x225.jpg\" alt=\"\" width=\"300\" height=\"225\" srcset=\"http:\/\/ccparadas.pt\/site\/wp-content\/uploads\/2018\/10\/43-300x225.jpg 300w, http:\/\/ccparadas.pt\/site\/wp-content\/uploads\/2018\/10\/43-768x576.jpg 768w, http:\/\/ccparadas.pt\/site\/wp-content\/uploads\/2018\/10\/43.jpg 900w\" sizes=\"(max-width: 300px) 100vw, 300px\" \/> <img loading=\"lazy\" class=\"alignnone size-medium wp-image-9774\" src=\"http:\/\/ccparadas.pt\/site\/wp-content\/uploads\/2018\/10\/44-300x225.jpg\" alt=\"\" width=\"300\" height=\"225\" srcset=\"http:\/\/ccparadas.pt\/site\/wp-content\/uploads\/2018\/10\/44-300x225.jpg 300w, http:\/\/ccparadas.pt\/site\/wp-content\/uploads\/2018\/10\/44-768x576.jpg 768w, http:\/\/ccparadas.pt\/site\/wp-content\/uploads\/2018\/10\/44.jpg 900w\" sizes=\"(max-width: 300px) 100vw, 300px\" \/><\/p>\n<p>No dia da alimenta\u00e7\u00e3o fizemos um trabalhinho sobre o que devemos comer todos os dias e o que devemos comer de vez em quando.<\/p>\n<p><img loading=\"lazy\" class=\"alignnone size-medium wp-image-9775\" src=\"http:\/\/ccparadas.pt\/site\/wp-content\/uploads\/2018\/10\/45-300x225.jpg\" alt=\"\" width=\"300\" height=\"225\" srcset=\"http:\/\/ccparadas.pt\/site\/wp-content\/uploads\/2018\/10\/45-300x225.jpg 300w, http:\/\/ccparadas.pt\/site\/wp-content\/uploads\/2018\/10\/45-768x576.jpg 768w, http:\/\/ccparadas.pt\/site\/wp-content\/uploads\/2018\/10\/45.jpg 900w\" sizes=\"(max-width: 300px) 100vw, 300px\" \/> <img loading=\"lazy\" class=\"alignnone size-medium wp-image-9776\" src=\"http:\/\/ccparadas.pt\/site\/wp-content\/uploads\/2018\/10\/46-300x225.jpg\" alt=\"\" width=\"300\" height=\"225\" srcset=\"http:\/\/ccparadas.pt\/site\/wp-content\/uploads\/2018\/10\/46-300x225.jpg 300w, http:\/\/ccparadas.pt\/site\/wp-content\/uploads\/2018\/10\/46-768x576.jpg 768w, http:\/\/ccparadas.pt\/site\/wp-content\/uploads\/2018\/10\/46.jpg 900w\" sizes=\"(max-width: 300px) 100vw, 300px\" \/><\/p>\n<p>Novamente com a ajuda da diretora pedag\u00f3gica a educadora Isabel Gadim grav\u00e1mos uma can\u00e7\u00e3o no site da escolinha na qual falamos sobre o que devemos comer para \u201c\u2026poder crescer alegre, saud\u00e1vel, para poder brincar.\u201d<\/p>\n<p>Na nossa escolinha realizou-se um mercadinho de comida saud\u00e1vel e n\u00f3s cont\u00e1mos com a ajuda da av\u00f3 do Gon\u00e7alo, que nos veio ensinar a confecionar \u201cQueijadinhas de leite\u201d, que fizeram as del\u00edcias de todos.<\/p>\n<p><img loading=\"lazy\" class=\"alignnone size-medium wp-image-9777\" src=\"http:\/\/ccparadas.pt\/site\/wp-content\/uploads\/2018\/10\/47-199x300.jpg\" alt=\"\" width=\"199\" height=\"300\" srcset=\"http:\/\/ccparadas.pt\/site\/wp-content\/uploads\/2018\/10\/47-199x300.jpg 199w, http:\/\/ccparadas.pt\/site\/wp-content\/uploads\/2018\/10\/47.jpg 448w\" sizes=\"(max-width: 199px) 100vw, 199px\" \/> <img loading=\"lazy\" class=\"alignnone size-medium wp-image-9778\" src=\"http:\/\/ccparadas.pt\/site\/wp-content\/uploads\/2018\/10\/48-300x225.jpg\" alt=\"\" width=\"300\" height=\"225\" srcset=\"http:\/\/ccparadas.pt\/site\/wp-content\/uploads\/2018\/10\/48-300x225.jpg 300w, http:\/\/ccparadas.pt\/site\/wp-content\/uploads\/2018\/10\/48-768x576.jpg 768w, http:\/\/ccparadas.pt\/site\/wp-content\/uploads\/2018\/10\/48.jpg 900w\" sizes=\"(max-width: 300px) 100vw, 300px\" \/> <img loading=\"lazy\" class=\"alignnone size-medium wp-image-9779\" src=\"http:\/\/ccparadas.pt\/site\/wp-content\/uploads\/2018\/10\/49-300x225.jpg\" alt=\"\" width=\"300\" height=\"225\" srcset=\"http:\/\/ccparadas.pt\/site\/wp-content\/uploads\/2018\/10\/49-300x225.jpg 300w, http:\/\/ccparadas.pt\/site\/wp-content\/uploads\/2018\/10\/49-768x576.jpg 768w, http:\/\/ccparadas.pt\/site\/wp-content\/uploads\/2018\/10\/49.jpg 900w\" sizes=\"(max-width: 300px) 100vw, 300px\" \/> <img loading=\"lazy\" class=\"alignnone size-medium wp-image-9780\" src=\"http:\/\/ccparadas.pt\/site\/wp-content\/uploads\/2018\/10\/50-188x300.jpg\" alt=\"\" width=\"188\" height=\"300\" srcset=\"http:\/\/ccparadas.pt\/site\/wp-content\/uploads\/2018\/10\/50-188x300.jpg 188w, http:\/\/ccparadas.pt\/site\/wp-content\/uploads\/2018\/10\/50.jpg 424w\" sizes=\"(max-width: 188px) 100vw, 188px\" \/> <img loading=\"lazy\" class=\"alignnone size-medium wp-image-9781\" src=\"http:\/\/ccparadas.pt\/site\/wp-content\/uploads\/2018\/10\/51-300x225.jpg\" alt=\"\" width=\"300\" height=\"225\" srcset=\"http:\/\/ccparadas.pt\/site\/wp-content\/uploads\/2018\/10\/51-300x225.jpg 300w, http:\/\/ccparadas.pt\/site\/wp-content\/uploads\/2018\/10\/51-768x576.jpg 768w, http:\/\/ccparadas.pt\/site\/wp-content\/uploads\/2018\/10\/51.jpg 900w\" sizes=\"(max-width: 300px) 100vw, 300px\" \/><\/p>\n<p>Na nossa sala decor\u00e1mos com os nossos desenhos caixinhas de papel, nas quais coloc\u00e1mos as nossas deliciosas queijadinhas para o mercadinho.<\/p>\n<p><img loading=\"lazy\" class=\"alignnone size-medium wp-image-9782\" src=\"http:\/\/ccparadas.pt\/site\/wp-content\/uploads\/2018\/10\/52-300x225.jpg\" alt=\"\" width=\"300\" height=\"225\" srcset=\"http:\/\/ccparadas.pt\/site\/wp-content\/uploads\/2018\/10\/52-300x225.jpg 300w, http:\/\/ccparadas.pt\/site\/wp-content\/uploads\/2018\/10\/52-768x576.jpg 768w, http:\/\/ccparadas.pt\/site\/wp-content\/uploads\/2018\/10\/52.jpg 900w\" sizes=\"(max-width: 300px) 100vw, 300px\" \/> <img loading=\"lazy\" class=\"alignnone size-medium wp-image-9783\" src=\"http:\/\/ccparadas.pt\/site\/wp-content\/uploads\/2018\/10\/53-300x225.jpg\" alt=\"\" width=\"300\" height=\"225\" srcset=\"http:\/\/ccparadas.pt\/site\/wp-content\/uploads\/2018\/10\/53-300x225.jpg 300w, http:\/\/ccparadas.pt\/site\/wp-content\/uploads\/2018\/10\/53-768x576.jpg 768w, http:\/\/ccparadas.pt\/site\/wp-content\/uploads\/2018\/10\/53.jpg 900w\" sizes=\"(max-width: 300px) 100vw, 300px\" \/> <img loading=\"lazy\" class=\"alignnone size-medium wp-image-9784\" src=\"http:\/\/ccparadas.pt\/site\/wp-content\/uploads\/2018\/10\/54-300x225.jpg\" alt=\"\" width=\"300\" height=\"225\" srcset=\"http:\/\/ccparadas.pt\/site\/wp-content\/uploads\/2018\/10\/54-300x225.jpg 300w, http:\/\/ccparadas.pt\/site\/wp-content\/uploads\/2018\/10\/54-768x576.jpg 768w, http:\/\/ccparadas.pt\/site\/wp-content\/uploads\/2018\/10\/54.jpg 900w\" sizes=\"(max-width: 300px) 100vw, 300px\" \/> <img loading=\"lazy\" class=\"alignnone size-medium wp-image-9785\" src=\"http:\/\/ccparadas.pt\/site\/wp-content\/uploads\/2018\/10\/55-300x225.jpg\" alt=\"\" width=\"300\" height=\"225\" srcset=\"http:\/\/ccparadas.pt\/site\/wp-content\/uploads\/2018\/10\/55-300x225.jpg 300w, http:\/\/ccparadas.pt\/site\/wp-content\/uploads\/2018\/10\/55-768x576.jpg 768w, http:\/\/ccparadas.pt\/site\/wp-content\/uploads\/2018\/10\/55.jpg 900w\" sizes=\"(max-width: 300px) 100vw, 300px\" \/> <img loading=\"lazy\" class=\"alignnone size-medium wp-image-9786\" src=\"http:\/\/ccparadas.pt\/site\/wp-content\/uploads\/2018\/10\/56-300x225.jpg\" alt=\"\" width=\"300\" height=\"225\" srcset=\"http:\/\/ccparadas.pt\/site\/wp-content\/uploads\/2018\/10\/56-300x225.jpg 300w, http:\/\/ccparadas.pt\/site\/wp-content\/uploads\/2018\/10\/56-768x576.jpg 768w, http:\/\/ccparadas.pt\/site\/wp-content\/uploads\/2018\/10\/56.jpg 900w\" sizes=\"(max-width: 300px) 100vw, 300px\" \/><\/p>\n<p>A ERSUC pelo programa Ecovalor-a\u00e7\u00f5es, veio \u00e0 nossa escolinha fazer uma atividade de sensibiliza\u00e7\u00e3o ambiental. Aplic\u00e1mos muito bem o que j\u00e1 conhec\u00edamos sobre a separa\u00e7\u00e3o do lixo, mas tamb\u00e9m fizemos novas aprendizagens.<\/p>\n<p>Aprendemos por exemplo: que os copos de vidro n\u00e3o podem ser colocados no vidr\u00e3o pois devido \u00e0 sua composi\u00e7\u00e3o n\u00e3o pode ser reciclado, assim como todos os objetos que estejam sujos, como por exemplo as fraldas dos nossos manos, devem ser colocados no contentor do lixo comum.<\/p>\n<p><img loading=\"lazy\" class=\"alignnone size-medium wp-image-9787\" src=\"http:\/\/ccparadas.pt\/site\/wp-content\/uploads\/2018\/10\/57-300x225.jpg\" alt=\"\" width=\"300\" height=\"225\" srcset=\"http:\/\/ccparadas.pt\/site\/wp-content\/uploads\/2018\/10\/57-300x225.jpg 300w, http:\/\/ccparadas.pt\/site\/wp-content\/uploads\/2018\/10\/57-768x576.jpg 768w, http:\/\/ccparadas.pt\/site\/wp-content\/uploads\/2018\/10\/57.jpg 900w\" sizes=\"(max-width: 300px) 100vw, 300px\" \/> <img loading=\"lazy\" class=\"alignnone size-medium wp-image-9788\" src=\"http:\/\/ccparadas.pt\/site\/wp-content\/uploads\/2018\/10\/58-300x225.jpg\" alt=\"\" width=\"300\" height=\"225\" srcset=\"http:\/\/ccparadas.pt\/site\/wp-content\/uploads\/2018\/10\/58-300x225.jpg 300w, http:\/\/ccparadas.pt\/site\/wp-content\/uploads\/2018\/10\/58-768x576.jpg 768w, http:\/\/ccparadas.pt\/site\/wp-content\/uploads\/2018\/10\/58.jpg 900w\" sizes=\"(max-width: 300px) 100vw, 300px\" \/> <img loading=\"lazy\" class=\"alignnone size-medium wp-image-9789\" src=\"http:\/\/ccparadas.pt\/site\/wp-content\/uploads\/2018\/10\/59-300x225.jpg\" alt=\"\" width=\"300\" height=\"225\" srcset=\"http:\/\/ccparadas.pt\/site\/wp-content\/uploads\/2018\/10\/59-300x225.jpg 300w, http:\/\/ccparadas.pt\/site\/wp-content\/uploads\/2018\/10\/59-768x576.jpg 768w, http:\/\/ccparadas.pt\/site\/wp-content\/uploads\/2018\/10\/59.jpg 900w\" sizes=\"(max-width: 300px) 100vw, 300px\" \/> <img loading=\"lazy\" class=\"alignnone size-medium wp-image-9790\" src=\"http:\/\/ccparadas.pt\/site\/wp-content\/uploads\/2018\/10\/60-300x225.jpg\" alt=\"\" width=\"300\" height=\"225\" srcset=\"http:\/\/ccparadas.pt\/site\/wp-content\/uploads\/2018\/10\/60-300x225.jpg 300w, http:\/\/ccparadas.pt\/site\/wp-content\/uploads\/2018\/10\/60-768x576.jpg 768w, http:\/\/ccparadas.pt\/site\/wp-content\/uploads\/2018\/10\/60.jpg 900w\" sizes=\"(max-width: 300px) 100vw, 300px\" \/> <img loading=\"lazy\" class=\"alignnone size-medium wp-image-9791\" src=\"http:\/\/ccparadas.pt\/site\/wp-content\/uploads\/2018\/10\/61-300x225.jpg\" alt=\"\" width=\"300\" height=\"225\" srcset=\"http:\/\/ccparadas.pt\/site\/wp-content\/uploads\/2018\/10\/61-300x225.jpg 300w, http:\/\/ccparadas.pt\/site\/wp-content\/uploads\/2018\/10\/61-768x576.jpg 768w, http:\/\/ccparadas.pt\/site\/wp-content\/uploads\/2018\/10\/61.jpg 900w\" sizes=\"(max-width: 300px) 100vw, 300px\" \/> <img loading=\"lazy\" class=\"alignnone size-medium wp-image-9792\" src=\"http:\/\/ccparadas.pt\/site\/wp-content\/uploads\/2018\/10\/62-300x225.jpg\" alt=\"\" width=\"300\" height=\"225\" srcset=\"http:\/\/ccparadas.pt\/site\/wp-content\/uploads\/2018\/10\/62-300x225.jpg 300w, http:\/\/ccparadas.pt\/site\/wp-content\/uploads\/2018\/10\/62-768x576.jpg 768w, http:\/\/ccparadas.pt\/site\/wp-content\/uploads\/2018\/10\/62.jpg 900w\" sizes=\"(max-width: 300px) 100vw, 300px\" \/><\/p>\n<p>No dia da Biblioteca Escolar a educadora Liliana da sala Verde contou-nos uma bonita hist\u00f3ria, que nos fez pensar o quanto \u00e9 importante cuidarmos bem dos nossos materiais. Nesta hist\u00f3ria os l\u00e1pis revoltam-se e mostram ao personagem principal, que \u00e9 um menino, o quanto est\u00e3o tristes com ele por se ter esquecido deles espalhados por todo o lado da casa. No final o menino constr\u00f3i um castelo para guardar os seus l\u00e1pis.<\/p>\n<p>Na nossa sala cada um desenhou o que mais gostou na hist\u00f3ria e o que prevaleceu, foi o castelo, que uniu os l\u00e1pis outra vez na sua casa.<\/p>\n<p><img loading=\"lazy\" class=\"alignnone size-medium wp-image-9793\" src=\"http:\/\/ccparadas.pt\/site\/wp-content\/uploads\/2018\/10\/63-300x225.jpg\" alt=\"\" width=\"300\" height=\"225\" srcset=\"http:\/\/ccparadas.pt\/site\/wp-content\/uploads\/2018\/10\/63-300x225.jpg 300w, http:\/\/ccparadas.pt\/site\/wp-content\/uploads\/2018\/10\/63-768x576.jpg 768w, http:\/\/ccparadas.pt\/site\/wp-content\/uploads\/2018\/10\/63.jpg 900w\" sizes=\"(max-width: 300px) 100vw, 300px\" \/> <img loading=\"lazy\" class=\"alignnone size-medium wp-image-9794\" src=\"http:\/\/ccparadas.pt\/site\/wp-content\/uploads\/2018\/10\/64-300x225.jpg\" alt=\"\" width=\"300\" height=\"225\" srcset=\"http:\/\/ccparadas.pt\/site\/wp-content\/uploads\/2018\/10\/64-300x225.jpg 300w, http:\/\/ccparadas.pt\/site\/wp-content\/uploads\/2018\/10\/64-768x576.jpg 768w, http:\/\/ccparadas.pt\/site\/wp-content\/uploads\/2018\/10\/64.jpg 900w\" sizes=\"(max-width: 300px) 100vw, 300px\" \/> <img loading=\"lazy\" class=\"alignnone size-medium wp-image-9795\" src=\"http:\/\/ccparadas.pt\/site\/wp-content\/uploads\/2018\/10\/65-300x225.jpg\" alt=\"\" width=\"300\" height=\"225\" srcset=\"http:\/\/ccparadas.pt\/site\/wp-content\/uploads\/2018\/10\/65-300x225.jpg 300w, http:\/\/ccparadas.pt\/site\/wp-content\/uploads\/2018\/10\/65-768x576.jpg 768w, http:\/\/ccparadas.pt\/site\/wp-content\/uploads\/2018\/10\/65.jpg 900w\" sizes=\"(max-width: 300px) 100vw, 300px\" \/> <img loading=\"lazy\" class=\"alignnone size-medium wp-image-9796\" src=\"http:\/\/ccparadas.pt\/site\/wp-content\/uploads\/2018\/10\/66-300x225.jpg\" alt=\"\" width=\"300\" height=\"225\" srcset=\"http:\/\/ccparadas.pt\/site\/wp-content\/uploads\/2018\/10\/66-300x225.jpg 300w, http:\/\/ccparadas.pt\/site\/wp-content\/uploads\/2018\/10\/66-768x576.jpg 768w, http:\/\/ccparadas.pt\/site\/wp-content\/uploads\/2018\/10\/66.jpg 900w\" sizes=\"(max-width: 300px) 100vw, 300px\" \/> <img loading=\"lazy\" class=\"alignnone size-medium wp-image-9797\" src=\"http:\/\/ccparadas.pt\/site\/wp-content\/uploads\/2018\/10\/67-300x225.jpg\" alt=\"\" width=\"300\" height=\"225\" srcset=\"http:\/\/ccparadas.pt\/site\/wp-content\/uploads\/2018\/10\/67-300x225.jpg 300w, http:\/\/ccparadas.pt\/site\/wp-content\/uploads\/2018\/10\/67-768x576.jpg 768w, http:\/\/ccparadas.pt\/site\/wp-content\/uploads\/2018\/10\/67.jpg 900w\" sizes=\"(max-width: 300px) 100vw, 300px\" \/><\/p>\n<p>No dia das ideias plasticina de sal com a M\u00e9lanie. Us\u00e1mos farinha, sal e vaselina que \u00e9 um material que nunca t\u00ednhamos usado antes. Foi uma experi\u00eancia divertida, pois cada um de n\u00f3s fez a sua plasticina e p\u00f4de sentir os v\u00e1rios momentos at\u00e9 chegar ao resultado final, uma plasticina de moldar. No final fizemos pequenas molduras, que ficaram a secar para mais tarde podermos pintar.<\/p>\n<p><img loading=\"lazy\" class=\"alignnone size-medium wp-image-9798\" src=\"http:\/\/ccparadas.pt\/site\/wp-content\/uploads\/2018\/10\/68-197x300.jpg\" alt=\"\" width=\"197\" height=\"300\" srcset=\"http:\/\/ccparadas.pt\/site\/wp-content\/uploads\/2018\/10\/68-197x300.jpg 197w, http:\/\/ccparadas.pt\/site\/wp-content\/uploads\/2018\/10\/68.jpg 444w\" sizes=\"(max-width: 197px) 100vw, 197px\" \/> <img loading=\"lazy\" class=\"alignnone size-medium wp-image-9799\" src=\"http:\/\/ccparadas.pt\/site\/wp-content\/uploads\/2018\/10\/69-300x225.jpg\" alt=\"\" width=\"300\" height=\"225\" srcset=\"http:\/\/ccparadas.pt\/site\/wp-content\/uploads\/2018\/10\/69-300x225.jpg 300w, http:\/\/ccparadas.pt\/site\/wp-content\/uploads\/2018\/10\/69-768x576.jpg 768w, http:\/\/ccparadas.pt\/site\/wp-content\/uploads\/2018\/10\/69.jpg 900w\" sizes=\"(max-width: 300px) 100vw, 300px\" \/> <img loading=\"lazy\" class=\"alignnone size-medium wp-image-9800\" src=\"http:\/\/ccparadas.pt\/site\/wp-content\/uploads\/2018\/10\/70-300x225.jpg\" alt=\"\" width=\"300\" height=\"225\" srcset=\"http:\/\/ccparadas.pt\/site\/wp-content\/uploads\/2018\/10\/70-300x225.jpg 300w, http:\/\/ccparadas.pt\/site\/wp-content\/uploads\/2018\/10\/70-768x576.jpg 768w, http:\/\/ccparadas.pt\/site\/wp-content\/uploads\/2018\/10\/70.jpg 900w\" sizes=\"(max-width: 300px) 100vw, 300px\" \/> <img loading=\"lazy\" class=\"alignnone size-medium wp-image-9801\" src=\"http:\/\/ccparadas.pt\/site\/wp-content\/uploads\/2018\/10\/71-300x225.jpg\" alt=\"\" width=\"300\" height=\"225\" srcset=\"http:\/\/ccparadas.pt\/site\/wp-content\/uploads\/2018\/10\/71-300x225.jpg 300w, http:\/\/ccparadas.pt\/site\/wp-content\/uploads\/2018\/10\/71-768x576.jpg 768w, http:\/\/ccparadas.pt\/site\/wp-content\/uploads\/2018\/10\/71.jpg 900w\" sizes=\"(max-width: 300px) 100vw, 300px\" \/> <img loading=\"lazy\" class=\"alignnone size-medium wp-image-9802\" src=\"http:\/\/ccparadas.pt\/site\/wp-content\/uploads\/2018\/10\/72-300x225.jpg\" alt=\"\" width=\"300\" height=\"225\" srcset=\"http:\/\/ccparadas.pt\/site\/wp-content\/uploads\/2018\/10\/72-300x225.jpg 300w, http:\/\/ccparadas.pt\/site\/wp-content\/uploads\/2018\/10\/72-768x576.jpg 768w, http:\/\/ccparadas.pt\/site\/wp-content\/uploads\/2018\/10\/72.jpg 900w\" sizes=\"(max-width: 300px) 100vw, 300px\" \/> <img loading=\"lazy\" class=\"alignnone size-medium wp-image-9803\" src=\"http:\/\/ccparadas.pt\/site\/wp-content\/uploads\/2018\/10\/73-300x225.jpg\" alt=\"\" width=\"300\" height=\"225\" srcset=\"http:\/\/ccparadas.pt\/site\/wp-content\/uploads\/2018\/10\/73-300x225.jpg 300w, http:\/\/ccparadas.pt\/site\/wp-content\/uploads\/2018\/10\/73-768x576.jpg 768w, http:\/\/ccparadas.pt\/site\/wp-content\/uploads\/2018\/10\/73.jpg 900w\" sizes=\"(max-width: 300px) 100vw, 300px\" \/> <img loading=\"lazy\" class=\"alignnone size-medium wp-image-9804\" src=\"http:\/\/ccparadas.pt\/site\/wp-content\/uploads\/2018\/10\/74-300x225.jpg\" alt=\"\" width=\"300\" height=\"225\" srcset=\"http:\/\/ccparadas.pt\/site\/wp-content\/uploads\/2018\/10\/74-300x225.jpg 300w, http:\/\/ccparadas.pt\/site\/wp-content\/uploads\/2018\/10\/74-768x576.jpg 768w, http:\/\/ccparadas.pt\/site\/wp-content\/uploads\/2018\/10\/74.jpg 900w\" sizes=\"(max-width: 300px) 100vw, 300px\" \/> <img loading=\"lazy\" class=\"alignnone size-medium wp-image-9805\" src=\"http:\/\/ccparadas.pt\/site\/wp-content\/uploads\/2018\/10\/75-300x225.jpg\" alt=\"\" width=\"300\" height=\"225\" srcset=\"http:\/\/ccparadas.pt\/site\/wp-content\/uploads\/2018\/10\/75-300x225.jpg 300w, http:\/\/ccparadas.pt\/site\/wp-content\/uploads\/2018\/10\/75-768x576.jpg 768w, http:\/\/ccparadas.pt\/site\/wp-content\/uploads\/2018\/10\/75.jpg 900w\" sizes=\"(max-width: 300px) 100vw, 300px\" \/> <img loading=\"lazy\" class=\"alignnone size-medium wp-image-9806\" src=\"http:\/\/ccparadas.pt\/site\/wp-content\/uploads\/2018\/10\/76-300x201.jpg\" alt=\"\" width=\"300\" height=\"201\" srcset=\"http:\/\/ccparadas.pt\/site\/wp-content\/uploads\/2018\/10\/76-300x201.jpg 300w, http:\/\/ccparadas.pt\/site\/wp-content\/uploads\/2018\/10\/76-768x514.jpg 768w, http:\/\/ccparadas.pt\/site\/wp-content\/uploads\/2018\/10\/76.jpg 900w\" sizes=\"(max-width: 300px) 100vw, 300px\" \/> <img loading=\"lazy\" class=\"alignnone size-medium wp-image-9807\" src=\"http:\/\/ccparadas.pt\/site\/wp-content\/uploads\/2018\/10\/77-300x225.jpg\" alt=\"\" width=\"300\" height=\"225\" srcset=\"http:\/\/ccparadas.pt\/site\/wp-content\/uploads\/2018\/10\/77-300x225.jpg 300w, http:\/\/ccparadas.pt\/site\/wp-content\/uploads\/2018\/10\/77-768x576.jpg 768w, http:\/\/ccparadas.pt\/site\/wp-content\/uploads\/2018\/10\/77.jpg 900w\" sizes=\"(max-width: 300px) 100vw, 300px\" \/><\/p>\n<p>Nesse mesmo dia \u00e0 tarde a convite da m\u00e3e da Francisca, o senhor Jo\u00e3o veio \u00e0 nossa sala partilhar connosco os seus conhecimentos sobre as marinhas de sal. Com a sua maquete e as suas alfaias em miniatura, explicou de uma forma clara e simples como se processa a extra\u00e7\u00e3o do sal e quais os instrumentos usados pelos marnotos, as suas alfaias de madeira, constru\u00eddas pelo senhor Jo\u00e3o em ponto pequeno para poder explicar melhor.<\/p>\n<p>Aprendemos, que se chamam marinhas se estiverem perto do mar e salinas se estiverem longe do mar, as alfaias s\u00e3o em madeira e t\u00eam todas nomes e fun\u00e7\u00f5es importantes para a extra\u00e7\u00e3o do sal. Prov\u00e1mos flor de sal e sal grosso e o senhor deixou-nos um pouquinho de cada.<\/p>\n<p><img loading=\"lazy\" class=\"alignnone size-medium wp-image-9808\" src=\"http:\/\/ccparadas.pt\/site\/wp-content\/uploads\/2018\/10\/78-231x300.jpg\" alt=\"\" width=\"231\" height=\"300\" srcset=\"http:\/\/ccparadas.pt\/site\/wp-content\/uploads\/2018\/10\/78-231x300.jpg 231w, http:\/\/ccparadas.pt\/site\/wp-content\/uploads\/2018\/10\/78.jpg 519w\" sizes=\"(max-width: 231px) 100vw, 231px\" \/> <img loading=\"lazy\" class=\"alignnone size-medium wp-image-9809\" src=\"http:\/\/ccparadas.pt\/site\/wp-content\/uploads\/2018\/10\/79-300x225.jpg\" alt=\"\" width=\"300\" height=\"225\" srcset=\"http:\/\/ccparadas.pt\/site\/wp-content\/uploads\/2018\/10\/79-300x225.jpg 300w, http:\/\/ccparadas.pt\/site\/wp-content\/uploads\/2018\/10\/79-768x576.jpg 768w, http:\/\/ccparadas.pt\/site\/wp-content\/uploads\/2018\/10\/79.jpg 900w\" sizes=\"(max-width: 300px) 100vw, 300px\" \/> <img loading=\"lazy\" class=\"alignnone size-medium wp-image-9810\" src=\"http:\/\/ccparadas.pt\/site\/wp-content\/uploads\/2018\/10\/80-300x225.jpg\" alt=\"\" width=\"300\" height=\"225\" srcset=\"http:\/\/ccparadas.pt\/site\/wp-content\/uploads\/2018\/10\/80-300x225.jpg 300w, http:\/\/ccparadas.pt\/site\/wp-content\/uploads\/2018\/10\/80-768x576.jpg 768w, http:\/\/ccparadas.pt\/site\/wp-content\/uploads\/2018\/10\/80.jpg 900w\" sizes=\"(max-width: 300px) 100vw, 300px\" \/> <img loading=\"lazy\" class=\"alignnone size-medium wp-image-9811\" src=\"http:\/\/ccparadas.pt\/site\/wp-content\/uploads\/2018\/10\/81-300x225.jpg\" alt=\"\" width=\"300\" height=\"225\" srcset=\"http:\/\/ccparadas.pt\/site\/wp-content\/uploads\/2018\/10\/81-300x225.jpg 300w, http:\/\/ccparadas.pt\/site\/wp-content\/uploads\/2018\/10\/81-768x576.jpg 768w, http:\/\/ccparadas.pt\/site\/wp-content\/uploads\/2018\/10\/81.jpg 900w\" sizes=\"(max-width: 300px) 100vw, 300px\" \/><\/p>\n<p>O pai da Sofia Topete proporcionou-nos uma visita \u00e0 Universidade de Aveiro, na qual uma das alunas da universidade a Joana foi a nossa guia na visita \u00e0s marinhas de \u201cSantiago da Fonte\u201d. Tivemos a oportunidade de ver no real tudo o que o senhor Jo\u00e3o nos mostrou com a sua maquete. Prov\u00e1mos uma planta, que nasce nas marinhas e que se chama \u201cGramata branca\u201d e gost\u00e1mos muito \u00e9 salgadinha, e observ\u00e1mos os passarinhos com os bin\u00f3culos.<\/p>\n<p>A Joana mostrou-nos tamb\u00e9m um palheiro por dentro aonde pudemos ver em tamanho real as alfaias, que o senhor Jo\u00e3o nos mostrou em tamanho pequenino. No final do dia lev\u00e1mos para casa um pouco de flor de sal, sal grosso e umas folhinhas de Gramata branca para podermos ensinar aos nossos pais tudo o que aprendemos com o senhor Jo\u00e3o e com a Joana.<\/p>\n<p><img loading=\"lazy\" class=\"alignnone size-medium wp-image-9812\" src=\"http:\/\/ccparadas.pt\/site\/wp-content\/uploads\/2018\/10\/82-300x225.jpg\" alt=\"\" width=\"300\" height=\"225\" srcset=\"http:\/\/ccparadas.pt\/site\/wp-content\/uploads\/2018\/10\/82-300x225.jpg 300w, http:\/\/ccparadas.pt\/site\/wp-content\/uploads\/2018\/10\/82-768x576.jpg 768w, http:\/\/ccparadas.pt\/site\/wp-content\/uploads\/2018\/10\/82.jpg 900w\" sizes=\"(max-width: 300px) 100vw, 300px\" \/> <img loading=\"lazy\" class=\"alignnone size-medium wp-image-9813\" src=\"http:\/\/ccparadas.pt\/site\/wp-content\/uploads\/2018\/10\/83-300x225.jpg\" alt=\"\" width=\"300\" height=\"225\" srcset=\"http:\/\/ccparadas.pt\/site\/wp-content\/uploads\/2018\/10\/83-300x225.jpg 300w, http:\/\/ccparadas.pt\/site\/wp-content\/uploads\/2018\/10\/83-768x576.jpg 768w, http:\/\/ccparadas.pt\/site\/wp-content\/uploads\/2018\/10\/83.jpg 900w\" sizes=\"(max-width: 300px) 100vw, 300px\" \/> <img loading=\"lazy\" class=\"alignnone size-medium wp-image-9814\" src=\"http:\/\/ccparadas.pt\/site\/wp-content\/uploads\/2018\/10\/84-300x225.jpg\" alt=\"\" width=\"300\" height=\"225\" srcset=\"http:\/\/ccparadas.pt\/site\/wp-content\/uploads\/2018\/10\/84-300x225.jpg 300w, http:\/\/ccparadas.pt\/site\/wp-content\/uploads\/2018\/10\/84-768x576.jpg 768w, http:\/\/ccparadas.pt\/site\/wp-content\/uploads\/2018\/10\/84.jpg 900w\" sizes=\"(max-width: 300px) 100vw, 300px\" \/> <img loading=\"lazy\" class=\"alignnone size-medium wp-image-9815\" src=\"http:\/\/ccparadas.pt\/site\/wp-content\/uploads\/2018\/10\/85-300x225.jpg\" alt=\"\" width=\"300\" height=\"225\" srcset=\"http:\/\/ccparadas.pt\/site\/wp-content\/uploads\/2018\/10\/85-300x225.jpg 300w, http:\/\/ccparadas.pt\/site\/wp-content\/uploads\/2018\/10\/85-768x576.jpg 768w, http:\/\/ccparadas.pt\/site\/wp-content\/uploads\/2018\/10\/85.jpg 900w\" sizes=\"(max-width: 300px) 100vw, 300px\" \/> <img loading=\"lazy\" class=\"alignnone size-medium wp-image-9816\" src=\"http:\/\/ccparadas.pt\/site\/wp-content\/uploads\/2018\/10\/86-300x225.jpg\" alt=\"\" width=\"300\" height=\"225\" srcset=\"http:\/\/ccparadas.pt\/site\/wp-content\/uploads\/2018\/10\/86-300x225.jpg 300w, http:\/\/ccparadas.pt\/site\/wp-content\/uploads\/2018\/10\/86-768x576.jpg 768w, http:\/\/ccparadas.pt\/site\/wp-content\/uploads\/2018\/10\/86.jpg 900w\" sizes=\"(max-width: 300px) 100vw, 300px\" \/> <img loading=\"lazy\" class=\"alignnone size-medium wp-image-9817\" src=\"http:\/\/ccparadas.pt\/site\/wp-content\/uploads\/2018\/10\/87-300x225.jpg\" alt=\"\" width=\"300\" height=\"225\" srcset=\"http:\/\/ccparadas.pt\/site\/wp-content\/uploads\/2018\/10\/87-300x225.jpg 300w, http:\/\/ccparadas.pt\/site\/wp-content\/uploads\/2018\/10\/87-768x576.jpg 768w, http:\/\/ccparadas.pt\/site\/wp-content\/uploads\/2018\/10\/87.jpg 900w\" sizes=\"(max-width: 300px) 100vw, 300px\" \/> <img loading=\"lazy\" class=\"alignnone size-medium wp-image-9818\" src=\"http:\/\/ccparadas.pt\/site\/wp-content\/uploads\/2018\/10\/88-300x225.jpg\" alt=\"\" width=\"300\" height=\"225\" srcset=\"http:\/\/ccparadas.pt\/site\/wp-content\/uploads\/2018\/10\/88-300x225.jpg 300w, http:\/\/ccparadas.pt\/site\/wp-content\/uploads\/2018\/10\/88-768x576.jpg 768w, http:\/\/ccparadas.pt\/site\/wp-content\/uploads\/2018\/10\/88.jpg 900w\" sizes=\"(max-width: 300px) 100vw, 300px\" \/> <img loading=\"lazy\" class=\"alignnone size-medium wp-image-9819\" src=\"http:\/\/ccparadas.pt\/site\/wp-content\/uploads\/2018\/10\/89-225x300.jpg\" alt=\"\" width=\"225\" height=\"300\" srcset=\"http:\/\/ccparadas.pt\/site\/wp-content\/uploads\/2018\/10\/89-225x300.jpg 225w, http:\/\/ccparadas.pt\/site\/wp-content\/uploads\/2018\/10\/89.jpg 506w\" sizes=\"(max-width: 225px) 100vw, 225px\" \/> <img loading=\"lazy\" class=\"alignnone size-medium wp-image-9820\" src=\"http:\/\/ccparadas.pt\/site\/wp-content\/uploads\/2018\/10\/90-225x300.jpg\" alt=\"\" width=\"225\" height=\"300\" srcset=\"http:\/\/ccparadas.pt\/site\/wp-content\/uploads\/2018\/10\/90-225x300.jpg 225w, http:\/\/ccparadas.pt\/site\/wp-content\/uploads\/2018\/10\/90.jpg 506w\" sizes=\"(max-width: 225px) 100vw, 225px\" \/> <img loading=\"lazy\" class=\"alignnone size-medium wp-image-9821\" src=\"http:\/\/ccparadas.pt\/site\/wp-content\/uploads\/2018\/10\/91-300x225.jpg\" alt=\"\" width=\"300\" height=\"225\" srcset=\"http:\/\/ccparadas.pt\/site\/wp-content\/uploads\/2018\/10\/91-300x225.jpg 300w, http:\/\/ccparadas.pt\/site\/wp-content\/uploads\/2018\/10\/91-768x576.jpg 768w, http:\/\/ccparadas.pt\/site\/wp-content\/uploads\/2018\/10\/91.jpg 900w\" sizes=\"(max-width: 300px) 100vw, 300px\" \/> <img loading=\"lazy\" class=\"alignnone size-medium wp-image-9822\" src=\"http:\/\/ccparadas.pt\/site\/wp-content\/uploads\/2018\/10\/92-300x225.jpg\" alt=\"\" width=\"300\" height=\"225\" srcset=\"http:\/\/ccparadas.pt\/site\/wp-content\/uploads\/2018\/10\/92-300x225.jpg 300w, http:\/\/ccparadas.pt\/site\/wp-content\/uploads\/2018\/10\/92-768x576.jpg 768w, http:\/\/ccparadas.pt\/site\/wp-content\/uploads\/2018\/10\/92.jpg 900w\" sizes=\"(max-width: 300px) 100vw, 300px\" \/><\/p>\n<p>Com os nossos amigos da sala Verde, fomos pela primeira vez \u00e0 \u00f3pera \u2013 \u201cA Casinha de Chocolate\u201d no teatro Aveirense. Foi muito bonito e port\u00e1mo-nos muito bem.<\/p>\n<p><img loading=\"lazy\" class=\"alignnone size-medium wp-image-9823\" src=\"http:\/\/ccparadas.pt\/site\/wp-content\/uploads\/2018\/10\/93-300x158.jpg\" alt=\"\" width=\"300\" height=\"158\" srcset=\"http:\/\/ccparadas.pt\/site\/wp-content\/uploads\/2018\/10\/93-300x158.jpg 300w, http:\/\/ccparadas.pt\/site\/wp-content\/uploads\/2018\/10\/93-768x404.jpg 768w, http:\/\/ccparadas.pt\/site\/wp-content\/uploads\/2018\/10\/93.jpg 900w\" sizes=\"(max-width: 300px) 100vw, 300px\" \/> <img loading=\"lazy\" class=\"alignnone size-medium wp-image-9824\" src=\"http:\/\/ccparadas.pt\/site\/wp-content\/uploads\/2018\/10\/94-300x225.jpg\" alt=\"\" width=\"300\" height=\"225\" srcset=\"http:\/\/ccparadas.pt\/site\/wp-content\/uploads\/2018\/10\/94-300x225.jpg 300w, http:\/\/ccparadas.pt\/site\/wp-content\/uploads\/2018\/10\/94-768x576.jpg 768w, http:\/\/ccparadas.pt\/site\/wp-content\/uploads\/2018\/10\/94.jpg 900w\" sizes=\"(max-width: 300px) 100vw, 300px\" \/><\/p>\n<p>Por agora ficamos por aqui nas nossas novidades.<\/p>\n<p>Um beijinho muito grande, da:<strong>\u00a0\u00a0\u00a0\u00a0\u00a0\u00a0 <\/strong><\/p>\n<p><strong>\u201cPATRULHA DOS AMIGOS\u201d<\/strong><\/p>\n","protected":false},"excerpt":{"rendered":"<p>OL\u00c1 amigos C\u00e1 estamos n\u00f3s novamente para partilharmos com voc\u00eas as nossas novidades. No Dia das Ideias, surgiu uma grande quest\u00e3o para a qual tivemos de encontrar respostas \u2013 \u201cO ar ocupa espa\u00e7o ou n\u00e3o?\u201d \u2013 As opini\u00f5es dividiram-se, vestimos as nossas camisas de cientistas e partimos para mais uma experi\u00eancia, desta vez com o &hellip;<\/p>\n<p class=\"read-more\"> <a class=\"\" href=\"http:\/\/ccparadas.pt\/site\/2018\/10\/29\/novidades-do-mes-de-outubro-sala-azul\/\"> <span class=\"screen-reader-text\">Novidades do m\u00eas de outubro- Sala Azul<\/span> Read More &raquo;<\/a><\/p>\n","protected":false},"author":6,"featured_media":0,"comment_status":"closed","ping_status":"closed","sticky":false,"template":"","format":"standard","meta":{"site-sidebar-layout":"","site-content-layout":"","ast-main-header-display":"","ast-hfb-above-header-display":"","ast-hfb-below-header-display":"","ast-hfb-mobile-header-display":"","site-post-title":"","ast-breadcrumbs-content":"","ast-featured-img":"","footer-sml-layout":"","theme-transparent-header-meta":"","adv-header-id-meta":"","stick-header-meta":"","header-above-stick-meta":"","header-main-stick-meta":"","header-below-stick-meta":""},"categories":[58,39,52,142,57,53],"tags":[],"_links":{"self":[{"href":"http:\/\/ccparadas.pt\/site\/wp-json\/wp\/v2\/posts\/9730"}],"collection":[{"href":"http:\/\/ccparadas.pt\/site\/wp-json\/wp\/v2\/posts"}],"about":[{"href":"http:\/\/ccparadas.pt\/site\/wp-json\/wp\/v2\/types\/post"}],"author":[{"embeddable":true,"href":"http:\/\/ccparadas.pt\/site\/wp-json\/wp\/v2\/users\/6"}],"replies":[{"embeddable":true,"href":"http:\/\/ccparadas.pt\/site\/wp-json\/wp\/v2\/comments?post=9730"}],"version-history":[{"count":1,"href":"http:\/\/ccparadas.pt\/site\/wp-json\/wp\/v2\/posts\/9730\/revisions"}],"predecessor-version":[{"id":9825,"href":"http:\/\/ccparadas.pt\/site\/wp-json\/wp\/v2\/posts\/9730\/revisions\/9825"}],"wp:attachment":[{"href":"http:\/\/ccparadas.pt\/site\/wp-json\/wp\/v2\/media?parent=9730"}],"wp:term":[{"taxonomy":"category","embeddable":true,"href":"http:\/\/ccparadas.pt\/site\/wp-json\/wp\/v2\/categories?post=9730"},{"taxonomy":"post_tag","embeddable":true,"href":"http:\/\/ccparadas.pt\/site\/wp-json\/wp\/v2\/tags?post=9730"}],"curies":[{"name":"wp","href":"https:\/\/api.w.org\/{rel}","templated":true}]}}