{"id":13644,"date":"2020-07-07T14:55:44","date_gmt":"2020-07-07T13:55:44","guid":{"rendered":"http:\/\/ccparadas.pt\/site\/?p=13644"},"modified":"2021-06-16T11:32:52","modified_gmt":"2021-06-16T10:32:52","slug":"sala-2-anos-a-novidades-de-junho-2020","status":"publish","type":"post","link":"http:\/\/ccparadas.pt\/site\/2020\/07\/07\/sala-2-anos-a-novidades-de-junho-2020\/","title":{"rendered":"SALA 2 Anos A- Novidades de junho 2020"},"content":{"rendered":"<p>Ol\u00e1 a todos! Como est\u00e3o? N\u00f3s por c\u00e1 estamos bem, alguns de n\u00f3s volt\u00e1mos \u00e0 creche em maio e outros foram vindo aos poucos. T\u00ednhamos muitas saudades dos nossos amigos, foi uma alegria poder voltar a estar juntos e a brincar. Temos aproveitado para matar saudades da nossa sala e da relva que tanto gostamos.<\/p>\n<p><img loading=\"lazy\" class=\"alignnone size-medium wp-image-13645\" src=\"http:\/\/ccparadas.pt\/site\/wp-content\/uploads\/2020\/07\/1-1-300x225.jpg\" alt=\"\" width=\"300\" height=\"225\" srcset=\"http:\/\/ccparadas.pt\/site\/wp-content\/uploads\/2020\/07\/1-1-300x225.jpg 300w, http:\/\/ccparadas.pt\/site\/wp-content\/uploads\/2020\/07\/1-1.jpg 640w\" sizes=\"(max-width: 300px) 100vw, 300px\" \/><\/p>\n<p>Preparamos para o dia mundial da crian\u00e7a no dia 1 de junho um moinho de papel que cada um decorou. Gost\u00e1mos muito de o ver rodar com o vento.<\/p>\n<p><img loading=\"lazy\" class=\"alignnone size-medium wp-image-13646\" src=\"http:\/\/ccparadas.pt\/site\/wp-content\/uploads\/2020\/07\/2-1-225x300.jpg\" alt=\"\" width=\"225\" height=\"300\" srcset=\"http:\/\/ccparadas.pt\/site\/wp-content\/uploads\/2020\/07\/2-1-225x300.jpg 225w, http:\/\/ccparadas.pt\/site\/wp-content\/uploads\/2020\/07\/2-1.jpg 480w\" sizes=\"(max-width: 225px) 100vw, 225px\" \/><\/p>\n<p>E temos feito v\u00e1rias atividades como usar a tesoura com ajuda da Denise, separa\u00e7\u00e3o por cores, enfiamentos e simetrias com tintas.<\/p>\n<p><img loading=\"lazy\" class=\"alignnone size-medium wp-image-13647\" src=\"http:\/\/ccparadas.pt\/site\/wp-content\/uploads\/2020\/07\/3-1-225x300.jpg\" alt=\"\" width=\"225\" height=\"300\" srcset=\"http:\/\/ccparadas.pt\/site\/wp-content\/uploads\/2020\/07\/3-1-225x300.jpg 225w, http:\/\/ccparadas.pt\/site\/wp-content\/uploads\/2020\/07\/3-1.jpg 480w\" sizes=\"(max-width: 225px) 100vw, 225px\" \/> <img loading=\"lazy\" class=\"alignnone size-medium wp-image-13648\" src=\"http:\/\/ccparadas.pt\/site\/wp-content\/uploads\/2020\/07\/4-1-300x210.jpg\" alt=\"\" width=\"300\" height=\"210\" srcset=\"http:\/\/ccparadas.pt\/site\/wp-content\/uploads\/2020\/07\/4-1-300x210.jpg 300w, http:\/\/ccparadas.pt\/site\/wp-content\/uploads\/2020\/07\/4-1-230x160.jpg 230w, http:\/\/ccparadas.pt\/site\/wp-content\/uploads\/2020\/07\/4-1.jpg 639w\" sizes=\"(max-width: 300px) 100vw, 300px\" \/> <img loading=\"lazy\" class=\"alignnone size-medium wp-image-13649\" src=\"http:\/\/ccparadas.pt\/site\/wp-content\/uploads\/2020\/07\/5-1-300x225.jpg\" alt=\"\" width=\"300\" height=\"225\" srcset=\"http:\/\/ccparadas.pt\/site\/wp-content\/uploads\/2020\/07\/5-1-300x225.jpg 300w, http:\/\/ccparadas.pt\/site\/wp-content\/uploads\/2020\/07\/5-1.jpg 640w\" sizes=\"(max-width: 300px) 100vw, 300px\" \/> <img loading=\"lazy\" class=\"alignnone size-medium wp-image-13650\" src=\"http:\/\/ccparadas.pt\/site\/wp-content\/uploads\/2020\/07\/6-1-300x225.jpg\" alt=\"\" width=\"300\" height=\"225\" srcset=\"http:\/\/ccparadas.pt\/site\/wp-content\/uploads\/2020\/07\/6-1-300x225.jpg 300w, http:\/\/ccparadas.pt\/site\/wp-content\/uploads\/2020\/07\/6-1.jpg 640w\" sizes=\"(max-width: 300px) 100vw, 300px\" \/> <img loading=\"lazy\" class=\"alignnone size-medium wp-image-13651\" src=\"http:\/\/ccparadas.pt\/site\/wp-content\/uploads\/2020\/07\/7-1-225x300.jpg\" alt=\"\" width=\"225\" height=\"300\" srcset=\"http:\/\/ccparadas.pt\/site\/wp-content\/uploads\/2020\/07\/7-1-225x300.jpg 225w, http:\/\/ccparadas.pt\/site\/wp-content\/uploads\/2020\/07\/7-1-768x1024.jpg 768w\" sizes=\"(max-width: 225px) 100vw, 225px\" \/> <img loading=\"lazy\" class=\"alignnone size-medium wp-image-13652\" src=\"http:\/\/ccparadas.pt\/site\/wp-content\/uploads\/2020\/07\/8-1-300x225.jpg\" alt=\"\" width=\"300\" height=\"225\" srcset=\"http:\/\/ccparadas.pt\/site\/wp-content\/uploads\/2020\/07\/8-1-300x225.jpg 300w, http:\/\/ccparadas.pt\/site\/wp-content\/uploads\/2020\/07\/8-1.jpg 640w\" sizes=\"(max-width: 300px) 100vw, 300px\" \/><\/p>\n<p>Nos santos populares a Denise trouxe um manjerico para a sala e ensinou-nos a cheira-lo e resolvemos fazer manjericos para decorar a sala. E fizemos ainda sardinhas a assar no grelhador!<\/p>\n<p><img loading=\"lazy\" class=\"alignnone size-medium wp-image-13653\" src=\"http:\/\/ccparadas.pt\/site\/wp-content\/uploads\/2020\/07\/9-1-225x300.jpg\" alt=\"\" width=\"225\" height=\"300\" srcset=\"http:\/\/ccparadas.pt\/site\/wp-content\/uploads\/2020\/07\/9-1-225x300.jpg 225w, http:\/\/ccparadas.pt\/site\/wp-content\/uploads\/2020\/07\/9-1.jpg 480w\" sizes=\"(max-width: 225px) 100vw, 225px\" \/> <img loading=\"lazy\" class=\"alignnone size-medium wp-image-13654\" src=\"http:\/\/ccparadas.pt\/site\/wp-content\/uploads\/2020\/07\/10-1-225x300.jpg\" alt=\"\" width=\"225\" height=\"300\" srcset=\"http:\/\/ccparadas.pt\/site\/wp-content\/uploads\/2020\/07\/10-1-225x300.jpg 225w, http:\/\/ccparadas.pt\/site\/wp-content\/uploads\/2020\/07\/10-1-768x1024.jpg 768w\" sizes=\"(max-width: 225px) 100vw, 225px\" \/> <img loading=\"lazy\" class=\"alignnone size-medium wp-image-13655\" src=\"http:\/\/ccparadas.pt\/site\/wp-content\/uploads\/2020\/07\/11-1-300x225.jpg\" alt=\"\" width=\"300\" height=\"225\" srcset=\"http:\/\/ccparadas.pt\/site\/wp-content\/uploads\/2020\/07\/11-1-300x225.jpg 300w, http:\/\/ccparadas.pt\/site\/wp-content\/uploads\/2020\/07\/11-1.jpg 640w\" sizes=\"(max-width: 300px) 100vw, 300px\" \/> <img loading=\"lazy\" class=\"alignnone size-medium wp-image-13656\" src=\"http:\/\/ccparadas.pt\/site\/wp-content\/uploads\/2020\/07\/12-1-300x225.jpg\" alt=\"\" width=\"300\" height=\"225\" srcset=\"http:\/\/ccparadas.pt\/site\/wp-content\/uploads\/2020\/07\/12-1-300x225.jpg 300w, http:\/\/ccparadas.pt\/site\/wp-content\/uploads\/2020\/07\/12-1.jpg 640w\" sizes=\"(max-width: 300px) 100vw, 300px\" \/> <img loading=\"lazy\" class=\"alignnone size-medium wp-image-13657\" src=\"http:\/\/ccparadas.pt\/site\/wp-content\/uploads\/2020\/07\/13-1-300x225.jpg\" alt=\"\" width=\"300\" height=\"225\" srcset=\"http:\/\/ccparadas.pt\/site\/wp-content\/uploads\/2020\/07\/13-1-300x225.jpg 300w, http:\/\/ccparadas.pt\/site\/wp-content\/uploads\/2020\/07\/13-1.jpg 640w\" sizes=\"(max-width: 300px) 100vw, 300px\" \/><\/p>\n<p>Fizemos ainda pintura com gelo colorido que a educadora Cl\u00e1udia nos deu, achamos giro ver o gelo a derreter, foi pena pintar pouco! E fizemos uns bin\u00f3culos com rolos de papel higi\u00e9nico, aproveitamos logo para ir para a janela observar o c\u00e9u.<\/p>\n<p><img loading=\"lazy\" class=\"alignnone size-medium wp-image-13658\" src=\"http:\/\/ccparadas.pt\/site\/wp-content\/uploads\/2020\/07\/14-1-225x300.jpg\" alt=\"\" width=\"225\" height=\"300\" srcset=\"http:\/\/ccparadas.pt\/site\/wp-content\/uploads\/2020\/07\/14-1-225x300.jpg 225w, http:\/\/ccparadas.pt\/site\/wp-content\/uploads\/2020\/07\/14-1-768x1024.jpg 768w\" sizes=\"(max-width: 225px) 100vw, 225px\" \/> <img loading=\"lazy\" class=\"alignnone size-medium wp-image-13659\" src=\"http:\/\/ccparadas.pt\/site\/wp-content\/uploads\/2020\/07\/15-1-300x225.jpg\" alt=\"\" width=\"300\" height=\"225\" srcset=\"http:\/\/ccparadas.pt\/site\/wp-content\/uploads\/2020\/07\/15-1-300x225.jpg 300w, http:\/\/ccparadas.pt\/site\/wp-content\/uploads\/2020\/07\/15-1.jpg 640w\" sizes=\"(max-width: 300px) 100vw, 300px\" \/> <img loading=\"lazy\" class=\"alignnone size-medium wp-image-13660\" src=\"http:\/\/ccparadas.pt\/site\/wp-content\/uploads\/2020\/07\/16-1-225x300.jpg\" alt=\"\" width=\"225\" height=\"300\" srcset=\"http:\/\/ccparadas.pt\/site\/wp-content\/uploads\/2020\/07\/16-1-225x300.jpg 225w, http:\/\/ccparadas.pt\/site\/wp-content\/uploads\/2020\/07\/16-1-768x1024.jpg 768w\" sizes=\"(max-width: 225px) 100vw, 225px\" \/> <img loading=\"lazy\" class=\"alignnone size-medium wp-image-13661\" src=\"http:\/\/ccparadas.pt\/site\/wp-content\/uploads\/2020\/07\/17-1-225x300.jpg\" alt=\"\" width=\"225\" height=\"300\" srcset=\"http:\/\/ccparadas.pt\/site\/wp-content\/uploads\/2020\/07\/17-1-225x300.jpg 225w, http:\/\/ccparadas.pt\/site\/wp-content\/uploads\/2020\/07\/17-1-768x1024.jpg 768w\" sizes=\"(max-width: 225px) 100vw, 225px\" \/><\/p>\n<p>Agora estamos a falar do ver\u00e3o que j\u00e1 chegou. Depois mostramos o que estamos a preparar! Beijinhos grandes com saudades para os amiguinhos que ainda est\u00e3o em casa.<\/p>\n<p>&nbsp;<\/p>\n<p>&nbsp;<\/p>\n","protected":false},"excerpt":{"rendered":"<p>Ol\u00e1 a todos! Como est\u00e3o? N\u00f3s por c\u00e1 estamos bem, alguns de n\u00f3s volt\u00e1mos \u00e0 creche em maio e outros foram vindo aos poucos. T\u00ednhamos muitas saudades dos nossos amigos, foi uma alegria poder voltar a estar juntos e a brincar. Temos aproveitado para matar saudades da nossa sala e da relva que tanto gostamos. &hellip;<\/p>\n<p class=\"read-more\"> <a class=\"\" href=\"http:\/\/ccparadas.pt\/site\/2020\/07\/07\/sala-2-anos-a-novidades-de-junho-2020\/\"> <span class=\"screen-reader-text\">SALA 2 Anos A- Novidades de junho 2020<\/span> Read More &raquo;<\/a><\/p>\n","protected":false},"author":6,"featured_media":0,"comment_status":"closed","ping_status":"closed","sticky":false,"template":"","format":"standard","meta":{"site-sidebar-layout":"","site-content-layout":"","ast-main-header-display":"","ast-hfb-above-header-display":"","ast-hfb-below-header-display":"","ast-hfb-mobile-header-display":"","site-post-title":"","ast-breadcrumbs-content":"","ast-featured-img":"","footer-sml-layout":"","theme-transparent-header-meta":"","adv-header-id-meta":"","stick-header-meta":"","header-above-stick-meta":"","header-main-stick-meta":"","header-below-stick-meta":""},"categories":[58,39,52,61],"tags":[],"_links":{"self":[{"href":"http:\/\/ccparadas.pt\/site\/wp-json\/wp\/v2\/posts\/13644"}],"collection":[{"href":"http:\/\/ccparadas.pt\/site\/wp-json\/wp\/v2\/posts"}],"about":[{"href":"http:\/\/ccparadas.pt\/site\/wp-json\/wp\/v2\/types\/post"}],"author":[{"embeddable":true,"href":"http:\/\/ccparadas.pt\/site\/wp-json\/wp\/v2\/users\/6"}],"replies":[{"embeddable":true,"href":"http:\/\/ccparadas.pt\/site\/wp-json\/wp\/v2\/comments?post=13644"}],"version-history":[{"count":1,"href":"http:\/\/ccparadas.pt\/site\/wp-json\/wp\/v2\/posts\/13644\/revisions"}],"predecessor-version":[{"id":13662,"href":"http:\/\/ccparadas.pt\/site\/wp-json\/wp\/v2\/posts\/13644\/revisions\/13662"}],"wp:attachment":[{"href":"http:\/\/ccparadas.pt\/site\/wp-json\/wp\/v2\/media?parent=13644"}],"wp:term":[{"taxonomy":"category","embeddable":true,"href":"http:\/\/ccparadas.pt\/site\/wp-json\/wp\/v2\/categories?post=13644"},{"taxonomy":"post_tag","embeddable":true,"href":"http:\/\/ccparadas.pt\/site\/wp-json\/wp\/v2\/tags?post=13644"}],"curies":[{"name":"wp","href":"https:\/\/api.w.org\/{rel}","templated":true}]}}