{"id":12405,"date":"2019-11-04T14:47:29","date_gmt":"2019-11-04T13:47:29","guid":{"rendered":"http:\/\/ccparadas.pt\/site\/?p=12405"},"modified":"2021-06-16T11:32:53","modified_gmt":"2021-06-16T10:32:53","slug":"novidades-do-mes-de-outubro-sala-laranja","status":"publish","type":"post","link":"http:\/\/ccparadas.pt\/site\/2019\/11\/04\/novidades-do-mes-de-outubro-sala-laranja\/","title":{"rendered":"novidades do m\u00eas de outubro- Sala Laranja"},"content":{"rendered":"<p>Ol\u00e1, fam\u00edlia e amigos!<br \/>\nO m\u00eas de outubro foi cheio de novidades e viv\u00eancias e c\u00e1 estamos para vos contar. Logo no in\u00edcio do m\u00eas celebramos o \u201cDia do Idoso\u201d e o \u201cDia da M\u00fasica\u201d, constru\u00edmos um Katub\u00eale com caixas de queijo, cart\u00e3o e contas de madeira, pintamo-los e com estes fomos ao Lar Am\u00e9lia Madail animar os av\u00f3s do Lar e dar-lhes um pouco do nosso carinho. Ensaiamos a can\u00e7\u00e3o \u201cOh! Lindo Outono\u201d que acompanhamos com os Katub\u00eales.<br \/>\nO \u201cDia do Animal\u201d chegou e preparamos este dia conversando sobre a diversidade de esp\u00e9cies de animais existentes, uns grandes, outros pequenos, uns com pelo, outros com escamas, uns pesados, outros r\u00e1pidos, etc. Nesse dia recebemos na sala v\u00e1rios animais, a M\u00e3e do vasco trouxe um coelhinho an\u00e3o, era macio e fofinho e n\u00f3s ficamos muito excitados, querendo fazer-lhes festinhas. A A.A.E. Liliana trouxe-nos duas codornizes e dois can\u00e1rios, gostamos de os ver e de lhes tocar. A Guida trouxe dois peixinhos, um deles, o Laranjinha voltou e ao outro demos-lhe o nome de Pepe.<\/p>\n<p><img loading=\"lazy\" class=\"alignnone size-medium wp-image-12406\" src=\"http:\/\/ccparadas.pt\/site\/wp-content\/uploads\/2019\/11\/DSC00843-300x225.jpg\" alt=\"\" width=\"300\" height=\"225\" srcset=\"http:\/\/ccparadas.pt\/site\/wp-content\/uploads\/2019\/11\/DSC00843-300x225.jpg 300w, http:\/\/ccparadas.pt\/site\/wp-content\/uploads\/2019\/11\/DSC00843-768x576.jpg 768w, http:\/\/ccparadas.pt\/site\/wp-content\/uploads\/2019\/11\/DSC00843-1024x768.jpg 1024w, http:\/\/ccparadas.pt\/site\/wp-content\/uploads\/2019\/11\/DSC00843.jpg 1632w\" sizes=\"(max-width: 300px) 100vw, 300px\" \/> <img loading=\"lazy\" class=\"alignnone size-medium wp-image-12407\" src=\"http:\/\/ccparadas.pt\/site\/wp-content\/uploads\/2019\/11\/DSC00854-300x225.jpg\" alt=\"\" width=\"300\" height=\"225\" srcset=\"http:\/\/ccparadas.pt\/site\/wp-content\/uploads\/2019\/11\/DSC00854-300x225.jpg 300w, http:\/\/ccparadas.pt\/site\/wp-content\/uploads\/2019\/11\/DSC00854-768x576.jpg 768w, http:\/\/ccparadas.pt\/site\/wp-content\/uploads\/2019\/11\/DSC00854-1024x768.jpg 1024w, http:\/\/ccparadas.pt\/site\/wp-content\/uploads\/2019\/11\/DSC00854.jpg 1632w\" sizes=\"(max-width: 300px) 100vw, 300px\" \/> <img loading=\"lazy\" class=\"alignnone size-medium wp-image-12408\" src=\"http:\/\/ccparadas.pt\/site\/wp-content\/uploads\/2019\/11\/DSC00860-300x225.jpg\" alt=\"\" width=\"300\" height=\"225\" srcset=\"http:\/\/ccparadas.pt\/site\/wp-content\/uploads\/2019\/11\/DSC00860-300x225.jpg 300w, http:\/\/ccparadas.pt\/site\/wp-content\/uploads\/2019\/11\/DSC00860-768x576.jpg 768w, http:\/\/ccparadas.pt\/site\/wp-content\/uploads\/2019\/11\/DSC00860-1024x768.jpg 1024w, http:\/\/ccparadas.pt\/site\/wp-content\/uploads\/2019\/11\/DSC00860.jpg 1632w\" sizes=\"(max-width: 300px) 100vw, 300px\" \/> <img loading=\"lazy\" class=\"alignnone size-medium wp-image-12409\" src=\"http:\/\/ccparadas.pt\/site\/wp-content\/uploads\/2019\/11\/DSC00863-300x225.jpg\" alt=\"\" width=\"300\" height=\"225\" srcset=\"http:\/\/ccparadas.pt\/site\/wp-content\/uploads\/2019\/11\/DSC00863-300x225.jpg 300w, http:\/\/ccparadas.pt\/site\/wp-content\/uploads\/2019\/11\/DSC00863-768x576.jpg 768w, http:\/\/ccparadas.pt\/site\/wp-content\/uploads\/2019\/11\/DSC00863-1024x768.jpg 1024w, http:\/\/ccparadas.pt\/site\/wp-content\/uploads\/2019\/11\/DSC00863.jpg 1632w\" sizes=\"(max-width: 300px) 100vw, 300px\" \/> <img loading=\"lazy\" class=\"alignnone size-medium wp-image-12410\" src=\"http:\/\/ccparadas.pt\/site\/wp-content\/uploads\/2019\/11\/DSC00867-300x225.jpg\" alt=\"\" width=\"300\" height=\"225\" srcset=\"http:\/\/ccparadas.pt\/site\/wp-content\/uploads\/2019\/11\/DSC00867-300x225.jpg 300w, http:\/\/ccparadas.pt\/site\/wp-content\/uploads\/2019\/11\/DSC00867-768x576.jpg 768w, http:\/\/ccparadas.pt\/site\/wp-content\/uploads\/2019\/11\/DSC00867-1024x768.jpg 1024w, http:\/\/ccparadas.pt\/site\/wp-content\/uploads\/2019\/11\/DSC00867.jpg 1632w\" sizes=\"(max-width: 300px) 100vw, 300px\" \/> <img loading=\"lazy\" class=\"alignnone size-medium wp-image-12411\" src=\"http:\/\/ccparadas.pt\/site\/wp-content\/uploads\/2019\/11\/DSC00874-300x225.jpg\" alt=\"\" width=\"300\" height=\"225\" srcset=\"http:\/\/ccparadas.pt\/site\/wp-content\/uploads\/2019\/11\/DSC00874-300x225.jpg 300w, http:\/\/ccparadas.pt\/site\/wp-content\/uploads\/2019\/11\/DSC00874-768x576.jpg 768w, http:\/\/ccparadas.pt\/site\/wp-content\/uploads\/2019\/11\/DSC00874-1024x768.jpg 1024w, http:\/\/ccparadas.pt\/site\/wp-content\/uploads\/2019\/11\/DSC00874.jpg 1632w\" sizes=\"(max-width: 300px) 100vw, 300px\" \/> <img loading=\"lazy\" class=\"alignnone size-medium wp-image-12412\" src=\"http:\/\/ccparadas.pt\/site\/wp-content\/uploads\/2019\/11\/DSC00875-300x225.jpg\" alt=\"\" width=\"300\" height=\"225\" srcset=\"http:\/\/ccparadas.pt\/site\/wp-content\/uploads\/2019\/11\/DSC00875-300x225.jpg 300w, http:\/\/ccparadas.pt\/site\/wp-content\/uploads\/2019\/11\/DSC00875-768x576.jpg 768w, http:\/\/ccparadas.pt\/site\/wp-content\/uploads\/2019\/11\/DSC00875-1024x768.jpg 1024w, http:\/\/ccparadas.pt\/site\/wp-content\/uploads\/2019\/11\/DSC00875.jpg 1632w\" sizes=\"(max-width: 300px) 100vw, 300px\" \/> <img loading=\"lazy\" class=\"alignnone size-medium wp-image-12413\" src=\"http:\/\/ccparadas.pt\/site\/wp-content\/uploads\/2019\/11\/DSC00876-300x225.jpg\" alt=\"\" width=\"300\" height=\"225\" srcset=\"http:\/\/ccparadas.pt\/site\/wp-content\/uploads\/2019\/11\/DSC00876-300x225.jpg 300w, http:\/\/ccparadas.pt\/site\/wp-content\/uploads\/2019\/11\/DSC00876-768x576.jpg 768w, http:\/\/ccparadas.pt\/site\/wp-content\/uploads\/2019\/11\/DSC00876-1024x768.jpg 1024w, http:\/\/ccparadas.pt\/site\/wp-content\/uploads\/2019\/11\/DSC00876.jpg 1632w\" sizes=\"(max-width: 300px) 100vw, 300px\" \/> <img loading=\"lazy\" class=\"alignnone size-medium wp-image-12414\" src=\"http:\/\/ccparadas.pt\/site\/wp-content\/uploads\/2019\/11\/DSC00879-300x225.jpg\" alt=\"\" width=\"300\" height=\"225\" srcset=\"http:\/\/ccparadas.pt\/site\/wp-content\/uploads\/2019\/11\/DSC00879-300x225.jpg 300w, http:\/\/ccparadas.pt\/site\/wp-content\/uploads\/2019\/11\/DSC00879-768x576.jpg 768w, http:\/\/ccparadas.pt\/site\/wp-content\/uploads\/2019\/11\/DSC00879-1024x768.jpg 1024w, http:\/\/ccparadas.pt\/site\/wp-content\/uploads\/2019\/11\/DSC00879.jpg 1632w\" sizes=\"(max-width: 300px) 100vw, 300px\" \/><br \/>\nAprendemos uma can\u00e7\u00e3o do caracol e fizemos um caracol, colamos bolinhas de papel ao longo da espiral, respeitando o risco existente, ficou um trabalho colorido e engra\u00e7ado. Fizemos tamb\u00e9m um mochinho com rolos de papel higi\u00e9nico e penduramo-los no teto da sala.<\/p>\n<p><img loading=\"lazy\" class=\"alignnone size-medium wp-image-12415\" src=\"http:\/\/ccparadas.pt\/site\/wp-content\/uploads\/2019\/11\/DSC00992-300x225.jpg\" alt=\"\" width=\"300\" height=\"225\" srcset=\"http:\/\/ccparadas.pt\/site\/wp-content\/uploads\/2019\/11\/DSC00992-300x225.jpg 300w, http:\/\/ccparadas.pt\/site\/wp-content\/uploads\/2019\/11\/DSC00992-768x576.jpg 768w, http:\/\/ccparadas.pt\/site\/wp-content\/uploads\/2019\/11\/DSC00992-1024x768.jpg 1024w, http:\/\/ccparadas.pt\/site\/wp-content\/uploads\/2019\/11\/DSC00992.jpg 1632w\" sizes=\"(max-width: 300px) 100vw, 300px\" \/><img loading=\"lazy\" class=\"alignnone size-medium wp-image-12427\" src=\"http:\/\/ccparadas.pt\/site\/wp-content\/uploads\/2019\/11\/DSC00993-300x225.jpg\" alt=\"\" width=\"300\" height=\"225\" srcset=\"http:\/\/ccparadas.pt\/site\/wp-content\/uploads\/2019\/11\/DSC00993-300x225.jpg 300w, http:\/\/ccparadas.pt\/site\/wp-content\/uploads\/2019\/11\/DSC00993-768x576.jpg 768w, http:\/\/ccparadas.pt\/site\/wp-content\/uploads\/2019\/11\/DSC00993-1024x768.jpg 1024w, http:\/\/ccparadas.pt\/site\/wp-content\/uploads\/2019\/11\/DSC00993.jpg 1632w\" sizes=\"(max-width: 300px) 100vw, 300px\" \/><br \/>\nEntretanto chegou o dia da alimenta\u00e7\u00e3o e preparamos este dia nos dias anteriores, conversamos sobre os alimentos que nos fazem bem e outros que nos podem prejudicar, descobrimos que existem grupos de alimentos e que d\u00e3o contributos diferentes para o nosso organismo. Pintamos um individual e colocamos a mesa, dispondo os objetos. Combina-mos trazer frutas de casa e nesse dia fizemos umas deliciosas espetadas de fruta que comemos ao almo\u00e7o, fomos assistir a uma apresenta\u00e7\u00e3o feita pelas Doutoras da Farm\u00e1cia de Verdemilho, que nos apresentaram uma Roda dos Alimentos a tr\u00eas dimens\u00f5es e que fomos construindo, assim como as principais refei\u00e7\u00f5es do dia e sobre a escolha de alimentos.<\/p>\n<p><img loading=\"lazy\" class=\"alignnone size-medium wp-image-12416\" src=\"http:\/\/ccparadas.pt\/site\/wp-content\/uploads\/2019\/11\/DSC00905-300x225.jpg\" alt=\"\" width=\"300\" height=\"225\" srcset=\"http:\/\/ccparadas.pt\/site\/wp-content\/uploads\/2019\/11\/DSC00905-300x225.jpg 300w, http:\/\/ccparadas.pt\/site\/wp-content\/uploads\/2019\/11\/DSC00905-768x576.jpg 768w, http:\/\/ccparadas.pt\/site\/wp-content\/uploads\/2019\/11\/DSC00905-1024x768.jpg 1024w, http:\/\/ccparadas.pt\/site\/wp-content\/uploads\/2019\/11\/DSC00905.jpg 1632w\" sizes=\"(max-width: 300px) 100vw, 300px\" \/> <img loading=\"lazy\" class=\"alignnone size-medium wp-image-12417\" src=\"http:\/\/ccparadas.pt\/site\/wp-content\/uploads\/2019\/11\/DSC00906-300x225.jpg\" alt=\"\" width=\"300\" height=\"225\" srcset=\"http:\/\/ccparadas.pt\/site\/wp-content\/uploads\/2019\/11\/DSC00906-300x225.jpg 300w, http:\/\/ccparadas.pt\/site\/wp-content\/uploads\/2019\/11\/DSC00906-768x576.jpg 768w, http:\/\/ccparadas.pt\/site\/wp-content\/uploads\/2019\/11\/DSC00906-1024x768.jpg 1024w, http:\/\/ccparadas.pt\/site\/wp-content\/uploads\/2019\/11\/DSC00906.jpg 1632w\" sizes=\"(max-width: 300px) 100vw, 300px\" \/> <img loading=\"lazy\" class=\"alignnone size-medium wp-image-12418\" src=\"http:\/\/ccparadas.pt\/site\/wp-content\/uploads\/2019\/11\/DSC00926-300x225.jpg\" alt=\"\" width=\"300\" height=\"225\" srcset=\"http:\/\/ccparadas.pt\/site\/wp-content\/uploads\/2019\/11\/DSC00926-300x225.jpg 300w, http:\/\/ccparadas.pt\/site\/wp-content\/uploads\/2019\/11\/DSC00926-768x576.jpg 768w, http:\/\/ccparadas.pt\/site\/wp-content\/uploads\/2019\/11\/DSC00926-1024x768.jpg 1024w, http:\/\/ccparadas.pt\/site\/wp-content\/uploads\/2019\/11\/DSC00926.jpg 1632w\" sizes=\"(max-width: 300px) 100vw, 300px\" \/> <img loading=\"lazy\" class=\"alignnone size-medium wp-image-12419\" src=\"http:\/\/ccparadas.pt\/site\/wp-content\/uploads\/2019\/11\/DSC00927-300x225.jpg\" alt=\"\" width=\"300\" height=\"225\" srcset=\"http:\/\/ccparadas.pt\/site\/wp-content\/uploads\/2019\/11\/DSC00927-300x225.jpg 300w, http:\/\/ccparadas.pt\/site\/wp-content\/uploads\/2019\/11\/DSC00927-768x576.jpg 768w, http:\/\/ccparadas.pt\/site\/wp-content\/uploads\/2019\/11\/DSC00927-1024x768.jpg 1024w, http:\/\/ccparadas.pt\/site\/wp-content\/uploads\/2019\/11\/DSC00927.jpg 1632w\" sizes=\"(max-width: 300px) 100vw, 300px\" \/><img loading=\"lazy\" class=\"alignnone size-medium wp-image-12426\" src=\"http:\/\/ccparadas.pt\/site\/wp-content\/uploads\/2019\/11\/DSC00991-300x225.jpg\" alt=\"\" width=\"300\" height=\"225\" srcset=\"http:\/\/ccparadas.pt\/site\/wp-content\/uploads\/2019\/11\/DSC00991-300x225.jpg 300w, http:\/\/ccparadas.pt\/site\/wp-content\/uploads\/2019\/11\/DSC00991-768x576.jpg 768w, http:\/\/ccparadas.pt\/site\/wp-content\/uploads\/2019\/11\/DSC00991-1024x768.jpg 1024w, http:\/\/ccparadas.pt\/site\/wp-content\/uploads\/2019\/11\/DSC00991.jpg 1632w\" sizes=\"(max-width: 300px) 100vw, 300px\" \/><br \/>\nRelembramos e aprendemos as Formas Geom\u00e9tricas, identificando-as e colando-as numa folha, descobrimos as formas em objetos do dia-a-dia e que existem na sala.<\/p>\n<p>Para o \u201cMercadinho\u201d fizemos bolachas de lim\u00e3o e sementes de papoila e gomas saud\u00e1veis, ficaram deliciosas. Os nossos pais tamb\u00e9m contribu\u00edram com o que puderam e fomos ao mercado levar o que cada um tinha trazido, obrigado pela generosidade e colabora\u00e7\u00e3o.<\/p>\n<p><img loading=\"lazy\" class=\"alignnone size-medium wp-image-12420\" src=\"http:\/\/ccparadas.pt\/site\/wp-content\/uploads\/2019\/11\/DSC00977-300x225.jpg\" alt=\"\" width=\"300\" height=\"225\" srcset=\"http:\/\/ccparadas.pt\/site\/wp-content\/uploads\/2019\/11\/DSC00977-300x225.jpg 300w, http:\/\/ccparadas.pt\/site\/wp-content\/uploads\/2019\/11\/DSC00977-768x576.jpg 768w, http:\/\/ccparadas.pt\/site\/wp-content\/uploads\/2019\/11\/DSC00977-1024x768.jpg 1024w, http:\/\/ccparadas.pt\/site\/wp-content\/uploads\/2019\/11\/DSC00977.jpg 1632w\" sizes=\"(max-width: 300px) 100vw, 300px\" \/> <img loading=\"lazy\" class=\"alignnone size-medium wp-image-12421\" src=\"http:\/\/ccparadas.pt\/site\/wp-content\/uploads\/2019\/11\/DSC00984-300x225.jpg\" alt=\"\" width=\"300\" height=\"225\" srcset=\"http:\/\/ccparadas.pt\/site\/wp-content\/uploads\/2019\/11\/DSC00984-300x225.jpg 300w, http:\/\/ccparadas.pt\/site\/wp-content\/uploads\/2019\/11\/DSC00984-768x576.jpg 768w, http:\/\/ccparadas.pt\/site\/wp-content\/uploads\/2019\/11\/DSC00984-1024x768.jpg 1024w, http:\/\/ccparadas.pt\/site\/wp-content\/uploads\/2019\/11\/DSC00984.jpg 1632w\" sizes=\"(max-width: 300px) 100vw, 300px\" \/> <img loading=\"lazy\" class=\"alignnone size-medium wp-image-12422\" src=\"http:\/\/ccparadas.pt\/site\/wp-content\/uploads\/2019\/11\/DSC00985-300x225.jpg\" alt=\"\" width=\"300\" height=\"225\" srcset=\"http:\/\/ccparadas.pt\/site\/wp-content\/uploads\/2019\/11\/DSC00985-300x225.jpg 300w, http:\/\/ccparadas.pt\/site\/wp-content\/uploads\/2019\/11\/DSC00985-768x576.jpg 768w, http:\/\/ccparadas.pt\/site\/wp-content\/uploads\/2019\/11\/DSC00985-1024x768.jpg 1024w, http:\/\/ccparadas.pt\/site\/wp-content\/uploads\/2019\/11\/DSC00985.jpg 1632w\" sizes=\"(max-width: 300px) 100vw, 300px\" \/> <img loading=\"lazy\" class=\"alignnone size-medium wp-image-12423\" src=\"http:\/\/ccparadas.pt\/site\/wp-content\/uploads\/2019\/11\/DSC00986-225x300.jpg\" alt=\"\" width=\"225\" height=\"300\" srcset=\"http:\/\/ccparadas.pt\/site\/wp-content\/uploads\/2019\/11\/DSC00986-225x300.jpg 225w, http:\/\/ccparadas.pt\/site\/wp-content\/uploads\/2019\/11\/DSC00986-768x1024.jpg 768w, http:\/\/ccparadas.pt\/site\/wp-content\/uploads\/2019\/11\/DSC00986.jpg 1224w\" sizes=\"(max-width: 225px) 100vw, 225px\" \/> <img loading=\"lazy\" class=\"alignnone size-medium wp-image-12424\" src=\"http:\/\/ccparadas.pt\/site\/wp-content\/uploads\/2019\/11\/DSC00987-300x225.jpg\" alt=\"\" width=\"300\" height=\"225\" srcset=\"http:\/\/ccparadas.pt\/site\/wp-content\/uploads\/2019\/11\/DSC00987-300x225.jpg 300w, http:\/\/ccparadas.pt\/site\/wp-content\/uploads\/2019\/11\/DSC00987-768x576.jpg 768w, http:\/\/ccparadas.pt\/site\/wp-content\/uploads\/2019\/11\/DSC00987-1024x768.jpg 1024w, http:\/\/ccparadas.pt\/site\/wp-content\/uploads\/2019\/11\/DSC00987.jpg 1632w\" sizes=\"(max-width: 300px) 100vw, 300px\" \/> <img loading=\"lazy\" class=\"alignnone size-medium wp-image-12425\" src=\"http:\/\/ccparadas.pt\/site\/wp-content\/uploads\/2019\/11\/DSC00988-300x225.jpg\" alt=\"\" width=\"300\" height=\"225\" srcset=\"http:\/\/ccparadas.pt\/site\/wp-content\/uploads\/2019\/11\/DSC00988-300x225.jpg 300w, http:\/\/ccparadas.pt\/site\/wp-content\/uploads\/2019\/11\/DSC00988-768x576.jpg 768w, http:\/\/ccparadas.pt\/site\/wp-content\/uploads\/2019\/11\/DSC00988-1024x768.jpg 1024w, http:\/\/ccparadas.pt\/site\/wp-content\/uploads\/2019\/11\/DSC00988.jpg 1632w\" sizes=\"(max-width: 300px) 100vw, 300px\" \/><br \/>\nO \u201cHallowen\u201d est\u00e1 a chegar e coisas assustadoras vamos fazer, mas \u00e9 tudo a brincar\u2026<br \/>\nBeijinhos e abra\u00e7os!<br \/>\nDos Meninos da Sala Laranja, da Guida e da Liliana<\/p>\n","protected":false},"excerpt":{"rendered":"<p>Ol\u00e1, fam\u00edlia e amigos! O m\u00eas de outubro foi cheio de novidades e viv\u00eancias e c\u00e1 estamos para vos contar. Logo no in\u00edcio do m\u00eas celebramos o \u201cDia do Idoso\u201d e o \u201cDia da M\u00fasica\u201d, constru\u00edmos um Katub\u00eale com caixas de queijo, cart\u00e3o e contas de madeira, pintamo-los e com estes fomos ao Lar Am\u00e9lia &hellip;<\/p>\n<p class=\"read-more\"> <a class=\"\" href=\"http:\/\/ccparadas.pt\/site\/2019\/11\/04\/novidades-do-mes-de-outubro-sala-laranja\/\"> <span class=\"screen-reader-text\">novidades do m\u00eas de outubro- Sala Laranja<\/span> Read More &raquo;<\/a><\/p>\n","protected":false},"author":6,"featured_media":0,"comment_status":"closed","ping_status":"closed","sticky":false,"template":"","format":"standard","meta":{"site-sidebar-layout":"","site-content-layout":"","ast-main-header-display":"","ast-hfb-above-header-display":"","ast-hfb-below-header-display":"","ast-hfb-mobile-header-display":"","site-post-title":"","ast-breadcrumbs-content":"","ast-featured-img":"","footer-sml-layout":"","theme-transparent-header-meta":"","adv-header-id-meta":"","stick-header-meta":"","header-above-stick-meta":"","header-main-stick-meta":"","header-below-stick-meta":""},"categories":[39,52,55,53],"tags":[],"_links":{"self":[{"href":"http:\/\/ccparadas.pt\/site\/wp-json\/wp\/v2\/posts\/12405"}],"collection":[{"href":"http:\/\/ccparadas.pt\/site\/wp-json\/wp\/v2\/posts"}],"about":[{"href":"http:\/\/ccparadas.pt\/site\/wp-json\/wp\/v2\/types\/post"}],"author":[{"embeddable":true,"href":"http:\/\/ccparadas.pt\/site\/wp-json\/wp\/v2\/users\/6"}],"replies":[{"embeddable":true,"href":"http:\/\/ccparadas.pt\/site\/wp-json\/wp\/v2\/comments?post=12405"}],"version-history":[{"count":1,"href":"http:\/\/ccparadas.pt\/site\/wp-json\/wp\/v2\/posts\/12405\/revisions"}],"predecessor-version":[{"id":12428,"href":"http:\/\/ccparadas.pt\/site\/wp-json\/wp\/v2\/posts\/12405\/revisions\/12428"}],"wp:attachment":[{"href":"http:\/\/ccparadas.pt\/site\/wp-json\/wp\/v2\/media?parent=12405"}],"wp:term":[{"taxonomy":"category","embeddable":true,"href":"http:\/\/ccparadas.pt\/site\/wp-json\/wp\/v2\/categories?post=12405"},{"taxonomy":"post_tag","embeddable":true,"href":"http:\/\/ccparadas.pt\/site\/wp-json\/wp\/v2\/tags?post=12405"}],"curies":[{"name":"wp","href":"https:\/\/api.w.org\/{rel}","templated":true}]}}