{"id":11937,"date":"2019-07-30T19:19:28","date_gmt":"2019-07-30T18:19:28","guid":{"rendered":"http:\/\/ccparadas.pt\/site\/?p=11937"},"modified":"2021-06-16T11:32:54","modified_gmt":"2021-06-16T10:32:54","slug":"sala-1-ano-a-novidades-de-julho-2","status":"publish","type":"post","link":"http:\/\/ccparadas.pt\/site\/2019\/07\/30\/sala-1-ano-a-novidades-de-julho-2\/","title":{"rendered":"sala 1 ano A * novidades de julho"},"content":{"rendered":"<p>Ol\u00e1 a todos!<\/p>\n<p>O m\u00eas de julho na nossa escolinha foi mais de exterior! Viemos mais vezes \u00e0 relva correr e brincar nos escorregas, nos triciclos e nos baloi\u00e7os.<\/p>\n<p>Mas ainda tivemos m\u00fasica e houve um concerto para a creche que todos ador\u00e1mos, fic\u00e1mos maravilhados!<\/p>\n<p><a href=\"http:\/\/ccparadas.pt\/site\/wp-content\/uploads\/2019\/07\/1-3.jpg\"><img loading=\"lazy\" class=\"alignnone size-medium wp-image-11938\" src=\"http:\/\/ccparadas.pt\/site\/wp-content\/uploads\/2019\/07\/1-3-300x225.jpg\" alt=\"\" width=\"300\" height=\"225\" srcset=\"http:\/\/ccparadas.pt\/site\/wp-content\/uploads\/2019\/07\/1-3-300x225.jpg 300w, http:\/\/ccparadas.pt\/site\/wp-content\/uploads\/2019\/07\/1-3.jpg 640w\" sizes=\"(max-width: 300px) 100vw, 300px\" \/><\/a> <a href=\"http:\/\/ccparadas.pt\/site\/wp-content\/uploads\/2019\/07\/2-2.jpg\"><img loading=\"lazy\" class=\"alignnone size-medium wp-image-11939\" src=\"http:\/\/ccparadas.pt\/site\/wp-content\/uploads\/2019\/07\/2-2-300x225.jpg\" alt=\"\" width=\"300\" height=\"225\" srcset=\"http:\/\/ccparadas.pt\/site\/wp-content\/uploads\/2019\/07\/2-2-300x225.jpg 300w, http:\/\/ccparadas.pt\/site\/wp-content\/uploads\/2019\/07\/2-2.jpg 640w\" sizes=\"(max-width: 300px) 100vw, 300px\" \/><\/a><\/p>\n<p>Fizemos tamb\u00e9m um miminho para os av\u00f3s, uma pintura no cavalete, gostamos<\/p>\n<p>muito de poder trocar de tintas \u00e0 vontade. Aos nossos av\u00f3s um grande beijinho!<\/p>\n<p><a href=\"http:\/\/ccparadas.pt\/site\/wp-content\/uploads\/2019\/07\/3-2.jpg\"><img loading=\"lazy\" class=\"alignnone size-medium wp-image-11940\" src=\"http:\/\/ccparadas.pt\/site\/wp-content\/uploads\/2019\/07\/3-2-225x300.jpg\" alt=\"\" width=\"225\" height=\"300\" srcset=\"http:\/\/ccparadas.pt\/site\/wp-content\/uploads\/2019\/07\/3-2-225x300.jpg 225w, http:\/\/ccparadas.pt\/site\/wp-content\/uploads\/2019\/07\/3-2.jpg 480w\" sizes=\"(max-width: 225px) 100vw, 225px\" \/><\/a> <a href=\"http:\/\/ccparadas.pt\/site\/wp-content\/uploads\/2019\/07\/4-2.jpg\"><img loading=\"lazy\" class=\"alignnone size-medium wp-image-11941\" src=\"http:\/\/ccparadas.pt\/site\/wp-content\/uploads\/2019\/07\/4-2-225x300.jpg\" alt=\"\" width=\"225\" height=\"300\" srcset=\"http:\/\/ccparadas.pt\/site\/wp-content\/uploads\/2019\/07\/4-2-225x300.jpg 225w, http:\/\/ccparadas.pt\/site\/wp-content\/uploads\/2019\/07\/4-2.jpg 480w\" sizes=\"(max-width: 225px) 100vw, 225px\" \/><\/a> <a href=\"http:\/\/ccparadas.pt\/site\/wp-content\/uploads\/2019\/07\/5-2.jpg\"><img loading=\"lazy\" class=\"alignnone size-medium wp-image-11942\" src=\"http:\/\/ccparadas.pt\/site\/wp-content\/uploads\/2019\/07\/5-2-225x300.jpg\" alt=\"\" width=\"225\" height=\"300\" srcset=\"http:\/\/ccparadas.pt\/site\/wp-content\/uploads\/2019\/07\/5-2-225x300.jpg 225w, http:\/\/ccparadas.pt\/site\/wp-content\/uploads\/2019\/07\/5-2.jpg 480w\" sizes=\"(max-width: 225px) 100vw, 225px\" \/><\/a> <a href=\"http:\/\/ccparadas.pt\/site\/wp-content\/uploads\/2019\/07\/6-2.jpg\"><img loading=\"lazy\" class=\"alignnone size-medium wp-image-11943\" src=\"http:\/\/ccparadas.pt\/site\/wp-content\/uploads\/2019\/07\/6-2-225x300.jpg\" alt=\"\" width=\"225\" height=\"300\" srcset=\"http:\/\/ccparadas.pt\/site\/wp-content\/uploads\/2019\/07\/6-2-225x300.jpg 225w, http:\/\/ccparadas.pt\/site\/wp-content\/uploads\/2019\/07\/6-2.jpg 480w\" sizes=\"(max-width: 225px) 100vw, 225px\" \/><\/a><\/p>\n<p>Ainda tivemos outra atividade relacionada com o dia dos av\u00f3s, a av\u00f3 do Gon\u00e7alo da sala da M\u00e1rcia veio contar-nos uma hist\u00f3ria \u00e0 biblioteca e no fim ofereceu-nos um cart\u00e3o com um animal colado.<\/p>\n<p><a href=\"http:\/\/ccparadas.pt\/site\/wp-content\/uploads\/2019\/07\/7-2.jpg\"><img loading=\"lazy\" class=\"alignnone size-medium wp-image-11944\" src=\"http:\/\/ccparadas.pt\/site\/wp-content\/uploads\/2019\/07\/7-2-225x300.jpg\" alt=\"\" width=\"225\" height=\"300\" srcset=\"http:\/\/ccparadas.pt\/site\/wp-content\/uploads\/2019\/07\/7-2-225x300.jpg 225w, http:\/\/ccparadas.pt\/site\/wp-content\/uploads\/2019\/07\/7-2.jpg 480w\" sizes=\"(max-width: 225px) 100vw, 225px\" \/><\/a> <a href=\"http:\/\/ccparadas.pt\/site\/wp-content\/uploads\/2019\/07\/8-2.jpg\"><img loading=\"lazy\" class=\"alignnone size-medium wp-image-11945\" src=\"http:\/\/ccparadas.pt\/site\/wp-content\/uploads\/2019\/07\/8-2-225x300.jpg\" alt=\"\" width=\"225\" height=\"300\" srcset=\"http:\/\/ccparadas.pt\/site\/wp-content\/uploads\/2019\/07\/8-2-225x300.jpg 225w, http:\/\/ccparadas.pt\/site\/wp-content\/uploads\/2019\/07\/8-2.jpg 480w\" sizes=\"(max-width: 225px) 100vw, 225px\" \/><\/a><\/p>\n<p>E assim nos despedimos at\u00e9 setembro! Votos de boas f\u00e9rias, divirtam-se! Beijinhos e abra\u00e7os da T\u00e2nia, da Denise e dos meninos e meninas da sala 1 ano A.<\/p>\n<p><a href=\"http:\/\/ccparadas.pt\/site\/wp-content\/uploads\/2019\/07\/10-2.jpg\"><img loading=\"lazy\" class=\"alignnone size-medium wp-image-11946\" src=\"http:\/\/ccparadas.pt\/site\/wp-content\/uploads\/2019\/07\/10-2-300x110.jpg\" alt=\"\" width=\"300\" height=\"110\" srcset=\"http:\/\/ccparadas.pt\/site\/wp-content\/uploads\/2019\/07\/10-2-300x110.jpg 300w, http:\/\/ccparadas.pt\/site\/wp-content\/uploads\/2019\/07\/10-2-768x282.jpg 768w, http:\/\/ccparadas.pt\/site\/wp-content\/uploads\/2019\/07\/10-2-1024x376.jpg 1024w, http:\/\/ccparadas.pt\/site\/wp-content\/uploads\/2019\/07\/10-2.jpg 1555w\" sizes=\"(max-width: 300px) 100vw, 300px\" \/><\/a><\/p>\n","protected":false},"excerpt":{"rendered":"<p>Ol\u00e1 a todos! O m\u00eas de julho na nossa escolinha foi mais de exterior! Viemos mais vezes \u00e0 relva correr e brincar nos escorregas, nos triciclos e nos baloi\u00e7os. Mas ainda tivemos m\u00fasica e houve um concerto para a creche que todos ador\u00e1mos, fic\u00e1mos maravilhados! Fizemos tamb\u00e9m um miminho para os av\u00f3s, uma pintura no &hellip;<\/p>\n<p class=\"read-more\"> <a class=\"\" href=\"http:\/\/ccparadas.pt\/site\/2019\/07\/30\/sala-1-ano-a-novidades-de-julho-2\/\"> <span class=\"screen-reader-text\">sala 1 ano A * novidades de julho<\/span> Read More &raquo;<\/a><\/p>\n","protected":false},"author":7,"featured_media":0,"comment_status":"closed","ping_status":"closed","sticky":false,"template":"","format":"standard","meta":{"site-sidebar-layout":"","site-content-layout":"","ast-main-header-display":"","ast-hfb-above-header-display":"","ast-hfb-below-header-display":"","ast-hfb-mobile-header-display":"","site-post-title":"","ast-breadcrumbs-content":"","ast-featured-img":"","footer-sml-layout":"","theme-transparent-header-meta":"","adv-header-id-meta":"","stick-header-meta":"","header-above-stick-meta":"","header-main-stick-meta":"","header-below-stick-meta":""},"categories":[93,49,38,142,96],"tags":[],"_links":{"self":[{"href":"http:\/\/ccparadas.pt\/site\/wp-json\/wp\/v2\/posts\/11937"}],"collection":[{"href":"http:\/\/ccparadas.pt\/site\/wp-json\/wp\/v2\/posts"}],"about":[{"href":"http:\/\/ccparadas.pt\/site\/wp-json\/wp\/v2\/types\/post"}],"author":[{"embeddable":true,"href":"http:\/\/ccparadas.pt\/site\/wp-json\/wp\/v2\/users\/7"}],"replies":[{"embeddable":true,"href":"http:\/\/ccparadas.pt\/site\/wp-json\/wp\/v2\/comments?post=11937"}],"version-history":[{"count":1,"href":"http:\/\/ccparadas.pt\/site\/wp-json\/wp\/v2\/posts\/11937\/revisions"}],"predecessor-version":[{"id":11947,"href":"http:\/\/ccparadas.pt\/site\/wp-json\/wp\/v2\/posts\/11937\/revisions\/11947"}],"wp:attachment":[{"href":"http:\/\/ccparadas.pt\/site\/wp-json\/wp\/v2\/media?parent=11937"}],"wp:term":[{"taxonomy":"category","embeddable":true,"href":"http:\/\/ccparadas.pt\/site\/wp-json\/wp\/v2\/categories?post=11937"},{"taxonomy":"post_tag","embeddable":true,"href":"http:\/\/ccparadas.pt\/site\/wp-json\/wp\/v2\/tags?post=11937"}],"curies":[{"name":"wp","href":"https:\/\/api.w.org\/{rel}","templated":true}]}}