{"id":11931,"date":"2019-07-30T19:16:07","date_gmt":"2019-07-30T18:16:07","guid":{"rendered":"http:\/\/ccparadas.pt\/site\/?p=11931"},"modified":"2021-06-16T11:32:54","modified_gmt":"2021-06-16T10:32:54","slug":"bercario-novidades-de-julho","status":"publish","type":"post","link":"http:\/\/ccparadas.pt\/site\/2019\/07\/30\/bercario-novidades-de-julho\/","title":{"rendered":"ber\u00e7\u00e1rio * novidades de julho"},"content":{"rendered":"<p>Ol\u00e1 pap\u00e1s!<\/p>\n<p>C\u00e1 estamos n\u00f3s para vos dar not\u00edcias pela \u00faltima vez este ano letivo.<\/p>\n<p>Este m\u00eas foi destinado a brincadeiras livres&#8230; As crian\u00e7as que j\u00e1 caminham puderam ir brincar para a sala parque das salas de 1 ano e t\u00e3o bom que foi!! Adoraram brincar no escorrega, no t\u00fanel da lagarta e at\u00e9 com os carrinhos!<\/p>\n<p>Os mais pequeninos ficaram no ber\u00e7\u00e1rio a brincar com as coisas da sala e tamb\u00e9m se divertiram muito.<\/p>\n<p>Beijinhos a todos e at\u00e9 para o ano!<\/p>\n<p><a href=\"http:\/\/ccparadas.pt\/site\/wp-content\/uploads\/2019\/07\/DSCN0046.jpg\"><img loading=\"lazy\" class=\"alignnone size-medium wp-image-11932\" src=\"http:\/\/ccparadas.pt\/site\/wp-content\/uploads\/2019\/07\/DSCN0046-225x300.jpg\" alt=\"\" width=\"225\" height=\"300\" srcset=\"http:\/\/ccparadas.pt\/site\/wp-content\/uploads\/2019\/07\/DSCN0046-225x300.jpg 225w, http:\/\/ccparadas.pt\/site\/wp-content\/uploads\/2019\/07\/DSCN0046-768x1024.jpg 768w, http:\/\/ccparadas.pt\/site\/wp-content\/uploads\/2019\/07\/DSCN0046.jpg 1704w\" sizes=\"(max-width: 225px) 100vw, 225px\" \/><\/a> <a href=\"http:\/\/ccparadas.pt\/site\/wp-content\/uploads\/2019\/07\/DSCN0072.jpg\"><img loading=\"lazy\" class=\"alignnone size-medium wp-image-11933\" src=\"http:\/\/ccparadas.pt\/site\/wp-content\/uploads\/2019\/07\/DSCN0072-300x225.jpg\" alt=\"\" width=\"300\" height=\"225\" srcset=\"http:\/\/ccparadas.pt\/site\/wp-content\/uploads\/2019\/07\/DSCN0072-300x225.jpg 300w, http:\/\/ccparadas.pt\/site\/wp-content\/uploads\/2019\/07\/DSCN0072-768x576.jpg 768w, http:\/\/ccparadas.pt\/site\/wp-content\/uploads\/2019\/07\/DSCN0072-1024x768.jpg 1024w\" sizes=\"(max-width: 300px) 100vw, 300px\" \/><\/a> <a href=\"http:\/\/ccparadas.pt\/site\/wp-content\/uploads\/2019\/07\/DSCN0075.jpg\"><img loading=\"lazy\" class=\"alignnone size-medium wp-image-11934\" src=\"http:\/\/ccparadas.pt\/site\/wp-content\/uploads\/2019\/07\/DSCN0075-300x225.jpg\" alt=\"\" width=\"300\" height=\"225\" srcset=\"http:\/\/ccparadas.pt\/site\/wp-content\/uploads\/2019\/07\/DSCN0075-300x225.jpg 300w, http:\/\/ccparadas.pt\/site\/wp-content\/uploads\/2019\/07\/DSCN0075-768x576.jpg 768w, http:\/\/ccparadas.pt\/site\/wp-content\/uploads\/2019\/07\/DSCN0075-1024x768.jpg 1024w\" sizes=\"(max-width: 300px) 100vw, 300px\" \/><\/a> <a href=\"http:\/\/ccparadas.pt\/site\/wp-content\/uploads\/2019\/07\/DSCN9958.jpg\"><img loading=\"lazy\" class=\"alignnone size-medium wp-image-11935\" src=\"http:\/\/ccparadas.pt\/site\/wp-content\/uploads\/2019\/07\/DSCN9958-300x225.jpg\" alt=\"\" width=\"300\" height=\"225\" srcset=\"http:\/\/ccparadas.pt\/site\/wp-content\/uploads\/2019\/07\/DSCN9958-300x225.jpg 300w, http:\/\/ccparadas.pt\/site\/wp-content\/uploads\/2019\/07\/DSCN9958-768x576.jpg 768w, http:\/\/ccparadas.pt\/site\/wp-content\/uploads\/2019\/07\/DSCN9958-1024x768.jpg 1024w\" sizes=\"(max-width: 300px) 100vw, 300px\" \/><\/a><\/p>\n","protected":false},"excerpt":{"rendered":"<p>Ol\u00e1 pap\u00e1s! C\u00e1 estamos n\u00f3s para vos dar not\u00edcias pela \u00faltima vez este ano letivo. Este m\u00eas foi destinado a brincadeiras livres&#8230; As crian\u00e7as que j\u00e1 caminham puderam ir brincar para a sala parque das salas de 1 ano e t\u00e3o bom que foi!! Adoraram brincar no escorrega, no t\u00fanel da lagarta e at\u00e9 com &hellip;<\/p>\n<p class=\"read-more\"> <a class=\"\" href=\"http:\/\/ccparadas.pt\/site\/2019\/07\/30\/bercario-novidades-de-julho\/\"> <span class=\"screen-reader-text\">ber\u00e7\u00e1rio * novidades de julho<\/span> Read More &raquo;<\/a><\/p>\n","protected":false},"author":7,"featured_media":0,"comment_status":"closed","ping_status":"closed","sticky":false,"template":"","format":"standard","meta":{"site-sidebar-layout":"","site-content-layout":"","ast-main-header-display":"","ast-hfb-above-header-display":"","ast-hfb-below-header-display":"","ast-hfb-mobile-header-display":"","site-post-title":"","ast-breadcrumbs-content":"","ast-featured-img":"","footer-sml-layout":"","theme-transparent-header-meta":"","adv-header-id-meta":"","stick-header-meta":"","header-above-stick-meta":"","header-main-stick-meta":"","header-below-stick-meta":""},"categories":[81,95,93,49,38,142],"tags":[],"_links":{"self":[{"href":"http:\/\/ccparadas.pt\/site\/wp-json\/wp\/v2\/posts\/11931"}],"collection":[{"href":"http:\/\/ccparadas.pt\/site\/wp-json\/wp\/v2\/posts"}],"about":[{"href":"http:\/\/ccparadas.pt\/site\/wp-json\/wp\/v2\/types\/post"}],"author":[{"embeddable":true,"href":"http:\/\/ccparadas.pt\/site\/wp-json\/wp\/v2\/users\/7"}],"replies":[{"embeddable":true,"href":"http:\/\/ccparadas.pt\/site\/wp-json\/wp\/v2\/comments?post=11931"}],"version-history":[{"count":1,"href":"http:\/\/ccparadas.pt\/site\/wp-json\/wp\/v2\/posts\/11931\/revisions"}],"predecessor-version":[{"id":11936,"href":"http:\/\/ccparadas.pt\/site\/wp-json\/wp\/v2\/posts\/11931\/revisions\/11936"}],"wp:attachment":[{"href":"http:\/\/ccparadas.pt\/site\/wp-json\/wp\/v2\/media?parent=11931"}],"wp:term":[{"taxonomy":"category","embeddable":true,"href":"http:\/\/ccparadas.pt\/site\/wp-json\/wp\/v2\/categories?post=11931"},{"taxonomy":"post_tag","embeddable":true,"href":"http:\/\/ccparadas.pt\/site\/wp-json\/wp\/v2\/tags?post=11931"}],"curies":[{"name":"wp","href":"https:\/\/api.w.org\/{rel}","templated":true}]}}